{"id":63474,"date":"2023-07-12T16:34:41","date_gmt":"2023-07-12T19:34:41","guid":{"rendered":"https:\/\/tvc16.com\/portal\/?p=63474"},"modified":"2023-07-12T16:34:41","modified_gmt":"2023-07-12T19:34:41","slug":"representantes-da-sociedade-civil-repudiam-aumento-da-tarifa-de-onibus-em-petropolis","status":"publish","type":"post","link":"https:\/\/tvc16.com\/portal\/2023\/07\/12\/representantes-da-sociedade-civil-repudiam-aumento-da-tarifa-de-onibus-em-petropolis\/","title":{"rendered":"Representantes da sociedade civil repudiam aumento da tarifa de \u00f4nibus em Petr\u00f3polis"},"content":{"rendered":"\n<p>Na tarde desta quarta-feira (12) a C\u00e2mara de Dirigentes Lojistas de Petr\u00f3polis, se pronunciou sobre o an\u00fancio do aumento da tarifa de \u00f4nibus em Petr\u00f3polis. A CDL repudiou o reajuste aprovado pelo Conselho Municipal de Tr\u00e2nsito e Transportes, e afirmou que o sistema de transporte p\u00fablico n\u00e3o corresponde \u00e0s necessidades do usu\u00e1rio, principalmente os trabalhadores e, em especial, os do com\u00e9rcio \u2013 cerca de 20 mil empregados.<\/p>\n\n\n\n<p>A CDL disse ainda que a evolu\u00e7\u00e3o das tarifas deve considerar sistemas eficientes e investimentos em modernidade e atendimento, o que n\u00e3o se verifica em Petr\u00f3polis, onde o transporte urbano por \u00f4nibus \u00e9 falho.<\/p>\n\n\n\n<p>\u201cA CDL vem publicamente, exigir que a cidade tenha oferta de \u00f4nibus decente, um dos fatores que mais influenciam na qualidade de vida das pessoas e afeta diretamente os trabalhadores. Como uma cidade agora considerada da regi\u00e3o metropolitana do Rio, sendo o maior PIB da serra e importante no cen\u00e1rio do pa\u00eds, Petr\u00f3polis precisa crescer em economia e isso passa, obrigatoriamente, pela oferta adequada de servi\u00e7os b\u00e1sicos\u201d, diz a nota.<\/p>\n\n\n\n<p>O PCVB tamb\u00e9m demostrou insatisfa\u00e7\u00e3o com o aumento. \u201cN\u00f3s, representantes do trade tur\u00edstico de Petr\u00f3polis, vimos por meio desta nota expressar nosso veemente rep\u00fadio em rela\u00e7\u00e3o ao recente reajuste da tarifa de \u00f4nibus na cidade sem a contrapartida esperada. A atual condi\u00e7\u00e3o do sistema impacta negativamente o trabalhador do setor, que tem mais de oito mil empregados diretos\u201d, diz a nota.<\/p>\n\n\n\n<p>Ainda de acordo com o PCVB, o turismo desempenha um papel fundamental na economia de Petr\u00f3polis, sendo um dos principais pilares para o desenvolvimento social e econ\u00f4mico da regi\u00e3o. O setor engloba diversos segmentos, como hot\u00e9is, restaurantes, ag\u00eancias de viagens, guias tur\u00edsticos, entre outros, que dependem de um transporte p\u00fablico acess\u00edvel e eficaz e com tarifas justas para garantir a mobilidade de visitantes e moradores.<\/p>\n\n\n\n<p>\u201cNossa cobran\u00e7a \u00e9 por um sistema moderno, com mais oferta de linhas e hor\u00e1rios, com qualidade e efici\u00eancia. Petr\u00f3polis, que merece ser preservada, tamb\u00e9m precisa olhar para frente, buscando a modernidade e mobilidade para garantir que o empregado no setor tur\u00edstico, assim como os demais, tenha garantia de transporte adequado\u201d, disse o PCVB.<\/p>\n\n\n\n<p>Foto: Thaciana Ferrante <\/p>\n","protected":false},"excerpt":{"rendered":"<p>Na tarde desta quarta-feira (12) a C\u00e2mara de Dirigentes Lojistas de Petr\u00f3polis, se pronunciou sobre<\/p>\n","protected":false},"author":2,"featured_media":63475,"comment_status":"open","ping_status":"open","sticky":false,"template":"","format":"standard","meta":{"footnotes":""},"categories":[12],"tags":[],"class_list":["post-63474","post","type-post","status-publish","format-standard","has-post-thumbnail","hentry","category-cidade"],"_links":{"self":[{"href":"https:\/\/tvc16.com\/portal\/wp-json\/wp\/v2\/posts\/63474","targetHints":{"allow":["GET"]}}],"collection":[{"href":"https:\/\/tvc16.com\/portal\/wp-json\/wp\/v2\/posts"}],"about":[{"href":"https:\/\/tvc16.com\/portal\/wp-json\/wp\/v2\/types\/post"}],"author":[{"embeddable":true,"href":"https:\/\/tvc16.com\/portal\/wp-json\/wp\/v2\/users\/2"}],"replies":[{"embeddable":true,"href":"https:\/\/tvc16.com\/portal\/wp-json\/wp\/v2\/comments?post=63474"}],"version-history":[{"count":1,"href":"https:\/\/tvc16.com\/portal\/wp-json\/wp\/v2\/posts\/63474\/revisions"}],"predecessor-version":[{"id":63476,"href":"https:\/\/tvc16.com\/portal\/wp-json\/wp\/v2\/posts\/63474\/revisions\/63476"}],"wp:featuredmedia":[{"embeddable":true,"href":"https:\/\/tvc16.com\/portal\/wp-json\/wp\/v2\/media\/63475"}],"wp:attachment":[{"href":"https:\/\/tvc16.com\/portal\/wp-json\/wp\/v2\/media?parent=63474"}],"wp:term":[{"taxonomy":"category","embeddable":true,"href":"https:\/\/tvc16.com\/portal\/wp-json\/wp\/v2\/categories?post=63474"},{"taxonomy":"post_tag","embeddable":true,"href":"https:\/\/tvc16.com\/portal\/wp-json\/wp\/v2\/tags?post=63474"}],"curies":[{"name":"wp","href":"https:\/\/api.w.org\/{rel}","templated":true}]}}