{"id":63477,"date":"2023-07-12T17:55:15","date_gmt":"2023-07-12T20:55:15","guid":{"rendered":"https:\/\/tvc16.com\/portal\/?p=63477"},"modified":"2023-07-12T17:55:16","modified_gmt":"2023-07-12T20:55:16","slug":"camara-aprova-criacao-do-programa-cidade-mais-limpa","status":"publish","type":"post","link":"https:\/\/tvc16.com\/portal\/2023\/07\/12\/camara-aprova-criacao-do-programa-cidade-mais-limpa\/","title":{"rendered":"C\u00e2mara aprova cria\u00e7\u00e3o do programa Cidade Mais Limpa"},"content":{"rendered":"\n<p>A C\u00e2mara Municipal de Petr\u00f3polis aprovou, em sess\u00e3o plen\u00e1ria realizada nesta quarta-feira (12) a institui\u00e7\u00e3o do Programa Cidade Mais Limpa no munic\u00edpio. A proposta, do presidente da Casa, vereador J\u00fanior Coruja, tem como objetivo a realiza\u00e7\u00e3o de a\u00e7\u00f5es de conscientiza\u00e7\u00e3o e o desenvolvimento de projetos que chamem a aten\u00e7\u00e3o para a responsabilidade de cada cidad\u00e3o para a manuten\u00e7\u00e3o e limpeza da cidade.<\/p>\n\n\n\n<p>J\u00fanior Coruja explica que a ideia \u00e9 que o programa seja realizado sempre na semana do dia 5 de julho, quando \u00e9 comemorado o Dia Nacional do Meio Ambiente. Entre as atividades que podem ser realizadas est\u00e3o mutir\u00f5es de limpeza, palestras de conscientiza\u00e7\u00e3o, distribui\u00e7\u00e3o de materiais de apoio e campanha publicit\u00e1ria.<br>O desenvolvimento de a\u00e7\u00f5es em pra\u00e7as, jardins, cal\u00e7adas, escolas e entidades vai contribuir para despertar a aten\u00e7\u00e3o das pessoas sobre o tema. &#8220;Temos que cobrar a limpeza do Poder P\u00fablico, mas tamb\u00e9m cada um tem que fazer a sua parte, n\u00e3o jogando lixo no ch\u00e3o, garantindo o descarte dos res\u00edduos de forma correta e perto do hor\u00e1rio da passagem do caminh\u00e3o de lixo, por exemplo. Parece pouco, mas n\u00e3o \u00e9. Se cada um fizer a sua parte, teremos uma cidade melhor para todos\u201d, lembrou o presidente da C\u00e2mara.<\/p>\n\n\n\n<p>O projeto prev\u00ea a possibilidade de o poder p\u00fablico firmar parcerias, sem custos, com a iniciativa privada e tamb\u00e9m abre espa\u00e7o para patroc\u00ednio para instala\u00e7\u00e3o e manuten\u00e7\u00e3o de cestos de lixo, mediante explora\u00e7\u00e3o de espa\u00e7o com publicidade da empresa. Tamb\u00e9m torna obrigat\u00f3rio o uso de m\u00e1scaras higi\u00eanicas faciais protetoras para os trabalhadores encarregados da coleta e do tratamento de lixo, empregados das empresas concession\u00e1rias respons\u00e1veis por esse servi\u00e7o, respeitando as normas dispostas pelo Minist\u00e9rio P\u00fablico do Trabalho. O item dever\u00e1 ser fornecido pela pr\u00f3pria concession\u00e1ria.<\/p>\n\n\n\n<p>O Projeto de Lei, agora, ser\u00e1 encaminhado ao Poder Executivo.<\/p>\n\n\n\n<p>Foto: arquivo TVC<\/p>\n","protected":false},"excerpt":{"rendered":"<p>A C\u00e2mara Municipal de Petr\u00f3polis aprovou, em sess\u00e3o plen\u00e1ria realizada nesta quarta-feira (12) a institui\u00e7\u00e3o<\/p>\n","protected":false},"author":2,"featured_media":58548,"comment_status":"open","ping_status":"open","sticky":false,"template":"","format":"standard","meta":{"footnotes":""},"categories":[12],"tags":[],"class_list":["post-63477","post","type-post","status-publish","format-standard","has-post-thumbnail","hentry","category-cidade"],"_links":{"self":[{"href":"https:\/\/tvc16.com\/portal\/wp-json\/wp\/v2\/posts\/63477","targetHints":{"allow":["GET"]}}],"collection":[{"href":"https:\/\/tvc16.com\/portal\/wp-json\/wp\/v2\/posts"}],"about":[{"href":"https:\/\/tvc16.com\/portal\/wp-json\/wp\/v2\/types\/post"}],"author":[{"embeddable":true,"href":"https:\/\/tvc16.com\/portal\/wp-json\/wp\/v2\/users\/2"}],"replies":[{"embeddable":true,"href":"https:\/\/tvc16.com\/portal\/wp-json\/wp\/v2\/comments?post=63477"}],"version-history":[{"count":1,"href":"https:\/\/tvc16.com\/portal\/wp-json\/wp\/v2\/posts\/63477\/revisions"}],"predecessor-version":[{"id":63478,"href":"https:\/\/tvc16.com\/portal\/wp-json\/wp\/v2\/posts\/63477\/revisions\/63478"}],"wp:featuredmedia":[{"embeddable":true,"href":"https:\/\/tvc16.com\/portal\/wp-json\/wp\/v2\/media\/58548"}],"wp:attachment":[{"href":"https:\/\/tvc16.com\/portal\/wp-json\/wp\/v2\/media?parent=63477"}],"wp:term":[{"taxonomy":"category","embeddable":true,"href":"https:\/\/tvc16.com\/portal\/wp-json\/wp\/v2\/categories?post=63477"},{"taxonomy":"post_tag","embeddable":true,"href":"https:\/\/tvc16.com\/portal\/wp-json\/wp\/v2\/tags?post=63477"}],"curies":[{"name":"wp","href":"https:\/\/api.w.org\/{rel}","templated":true}]}}