{"id":6358,"date":"2020-11-22T15:58:55","date_gmt":"2020-11-22T18:58:55","guid":{"rendered":"https:\/\/tvc16.com\/portal\/?p=6358"},"modified":"2020-11-22T15:58:57","modified_gmt":"2020-11-22T18:58:57","slug":"banco-de-sangue-do-hospital-santa-teresa-precisa-da-sua-doacao-urgente","status":"publish","type":"post","link":"https:\/\/tvc16.com\/portal\/2020\/11\/22\/banco-de-sangue-do-hospital-santa-teresa-precisa-da-sua-doacao-urgente\/","title":{"rendered":"Banco de Sangue, do Hospital Santa Teresa, precisa da sua doa\u00e7\u00e3o urgente!"},"content":{"rendered":"\n<p>&#8220;Precisamos de doadores do tipo O &#8211; ( negativo) para doar sangue no Banco de Sangue Santa Teresa.\u2800Estamos com nossos estoques de sangue tipo O- (negativo) em estado extremamente cr\u00edtico. Precisamos de voc\u00ea, doador, para reverter esta situa\u00e7\u00e3o t\u00e3o preocupante para podermos continuar abastecendo os hospitais.\u2800\u2800\u2800\u2800\u2800\u2800\u2800\u2800\u2800<\/p>\n\n\n\n<p>O seu tipo salva muitas vidas, ent\u00e3o, se voc\u00ea pode doar e est\u00e1 saud\u00e1vel, fa\u00e7a sua doa\u00e7\u00e3o o quanto antes. <img loading=\"lazy\" decoding=\"async\" height=\"16\" width=\"16\" alt=\"\ud83d\ude4f\" src=\"https:\/\/static.xx.fbcdn.net\/images\/emoji.php\/v9\/t80\/1\/16\/1f64f.png\">\u2800\u2800\u2800\u2800\u2800\u2800\u2800\u2800\u2800O SEU SANGUE SALVA! <img loading=\"lazy\" decoding=\"async\" height=\"16\" width=\"16\" alt=\"\ud83e\ude78\" src=\"https:\/\/static.xx.fbcdn.net\/images\/emoji.php\/v9\/t1a\/1\/16\/1fa78.png\"><img loading=\"lazy\" decoding=\"async\" height=\"16\" width=\"16\" alt=\"\u2764\" src=\"https:\/\/static.xx.fbcdn.net\/images\/emoji.php\/v9\/t6c\/1\/16\/2764.png\"><\/p>\n\n\n\n<p>Este \u00e9 o ALERTA que est\u00e1 nas redes sociais do Banco de Sangue do Hospital Santa Teresa, no Bingen, Petr\u00f3polis RJ.<\/p>\n\n\n\n<figure class=\"wp-block-image size-large\"><img loading=\"lazy\" decoding=\"async\" width=\"768\" height=\"433\" src=\"https:\/\/tvc16.com\/portal\/wp-content\/uploads\/2020\/11\/aebacd62-1e6d-463e-88f3-296a739607c6.jpeg\" alt=\"\" class=\"wp-image-6360\" srcset=\"https:\/\/tvc16.com\/portal\/wp-content\/uploads\/2020\/11\/aebacd62-1e6d-463e-88f3-296a739607c6.jpeg 768w, https:\/\/tvc16.com\/portal\/wp-content\/uploads\/2020\/11\/aebacd62-1e6d-463e-88f3-296a739607c6-300x169.jpeg 300w\" sizes=\"auto, (max-width: 768px) 100vw, 768px\" \/><\/figure>\n\n\n\n<p>Em \u00e9poca de pandemia, o Minist\u00e9rio da Sa\u00fade pede para a popula\u00e7\u00e3o n\u00e3o deixar de doar sangue.<\/p>\n\n\n\n<p>Somente esse ano, o Minist\u00e9rio da Sa\u00fade transferiu 1,6 mil bolsas de sangue entre os estados brasileiros e vem monitorando os estoques em todo pa\u00eds para tomar as medidas necess\u00e1rias em tempo apropriado, explicou o coordenador-geral de Sangue e Hemoderivados do Minist\u00e9rio da Sa\u00fade, Rodolfo Duarte Firmino.&nbsp;&nbsp;<\/p>\n\n\n\n<p>\u201cIsso nos d\u00e1 tranquilidade de trabalhar com planejamento para que n\u00f3s possamos nos mobilizar ou tomar outras atitudes para que o sangue n\u00e3o venha faltar para o brasileiro que precisa\u201d, disse.<\/p>\n\n\n\n<p>Al\u00e9m disso, o Governo Federal aumentou os recursos para estrutura\u00e7\u00e3o dos hemocentros. Em 2019, houve um investimento de\u00a0R$19.683.969,40 sendo que\u00a0em 2018 foram repassados\u00a0R$16.358.933,00.<\/p>\n\n\n\n<h3 class=\"wp-block-heading\">Refer\u00eancia<\/h3>\n\n\n\n<p>O Brasil \u00e9 refer\u00eancia em doa\u00e7\u00e3o de sangue na Am\u00e9rica Latina, Caribe, \u00c1frica e Europa. A experi\u00eancia brasileira na \u00e1rea de doa\u00e7\u00e3o de sangue \u00e9 utilizada em coopera\u00e7\u00f5es oferecidas com Uruguai, El Salvador, Honduras, Benin, Equador, Rep\u00fablica Dominicana, Angola, Tanz\u00e2nia e Fran\u00e7a.<\/p>\n\n\n\n<p>No pa\u00eds, 1,6% da popula\u00e7\u00e3o doa sangue, o que representa 16 a cada mil habitantes do sendo que a Organiza\u00e7\u00e3o Mundial de Sa\u00fade recomenda percentual de, pelo menos, 1% da popula\u00e7\u00e3o doadora.<\/p>\n\n\n\n<p>\u201cHoje o Brasil pode se comparar aos grandes pa\u00edses de ponta, com uma sa\u00fade de ponta\u201d, disse Firmino. Segundo ele, esses n\u00fameros podem aumentar. \u201cEssa propor\u00e7\u00e3o de menos de dois por cento precisa ser aumentada para que a gente possa continuar ampliando a oferta de sa\u00fade, principalmente, nas quest\u00f5es mais especializadas que dependem de sangue\u201d, ressaltou.<\/p>\n\n\n\n<p>De acordo com dados do governo, em 2019 foram coletadas 3,271 milh\u00f5es de bolsas de sangue, uma queda de 2,5% ao longo de quatro anos enquanto foi registrado um aumento no n\u00famero de transfus\u00f5es.<\/p>\n\n\n\n<h3 class=\"wp-block-heading\">Doa\u00e7\u00e3o<\/h3>\n\n\n\n<p>O coordenador-geral de Sangue e Hemoderivados do Minist\u00e9rio da Sa\u00fade, Rodolfo Duarte Firmino, lembrou que a doa\u00e7\u00e3o \u00e9 100% volunt\u00e1ria. \u201cTodos os hemocentros t\u00eam se preparando com todo carinho e dedica\u00e7\u00e3o para receber os doadores regulares e at\u00e9 mesmo os doadores de primeira viagem de forma segura refor\u00e7ando medidas de seguran\u00e7a, de higiene e de distanciamento dos doadores para que todos possam entrar com sa\u00fade, realizar sua doa\u00e7\u00e3o e sair com sa\u00fade e com alegria e felicidade de ter praticado um ato solid\u00e1rio\u201d.<\/p>\n\n\n\n<p>Os hemocentros e unidades coletoras de sangue foram adaptados para atender nesse per\u00edodo de pandemia.&nbsp;As cadeiras est\u00e3o mais espa\u00e7adas e tem \u00e1lcool gel em abund\u00e2ncia. \u00c9 necess\u00e1rio usar m\u00e1scara e os profissionais tamb\u00e9m trabalham com todos os equipamentos de prote\u00e7\u00e3o individual.<\/p>\n\n\n\n<p>A maior parte dos doares s\u00e3o homens (60%) e maiores de 29 anos (63%). Para doar \u00e9 preciso ter entre 16 e 69 anos, n\u00e3o ter ingerido \u00e1lcool nas \u00faltimas 12 horas, pesar no m\u00ednimo 50 kg e estar em boas condi\u00e7\u00f5es de sa\u00fade.<\/p>\n\n\n\n<p>O governo informou aos doadores novos ou regulares que os hemocentros refor\u00e7aram suas medidas de higiene e distanciamento social para conter a contamina\u00e7\u00e3o pelo coronav\u00edrus. \u201cPe\u00e7o a colabora\u00e7\u00e3o para que continue comparecendo porque \u00e9 seguro. N\u00f3s garantimos a seguran\u00e7a com todas as medidas que est\u00e3o sendo tomadas em todos os estados para receber voc\u00eas em seguran\u00e7a e para que voc\u00eas tragam a seguran\u00e7a para aquelas pessoas que precisam dentro dos hospitais e ambulat\u00f3rios de tratamento\u201d, disse Rodolfo Duarte Firmino, coordenador-geral de Sangue e Hemoderivados do Minist\u00e9rio da Sa\u00fade.<\/p>\n\n\n\n<p>EM PETR\u00d3POLIS<\/p>\n\n\n\n<p>Banco de Sangue Santa TeresaRua Doutor Paulo Herv\u00ea, 1130 \u2013 Bingen\u23f0 Todos os dias, das 7h \u00e0s 18h \u2013 Inclusive feriados\u260e Telefone: (24) 2245-2324 | WhatsApp: (24) 99269-4355\ud83d\ude98 Estacionamento Conveniado para Doadores<\/p>\n","protected":false},"excerpt":{"rendered":"<p>&#8220;Precisamos de doadores do tipo O &#8211; ( negativo) para doar sangue no Banco de<\/p>\n","protected":false},"author":2,"featured_media":6359,"comment_status":"open","ping_status":"open","sticky":false,"template":"","format":"standard","meta":{"footnotes":""},"categories":[12],"tags":[],"class_list":["post-6358","post","type-post","status-publish","format-standard","has-post-thumbnail","hentry","category-cidade"],"_links":{"self":[{"href":"https:\/\/tvc16.com\/portal\/wp-json\/wp\/v2\/posts\/6358","targetHints":{"allow":["GET"]}}],"collection":[{"href":"https:\/\/tvc16.com\/portal\/wp-json\/wp\/v2\/posts"}],"about":[{"href":"https:\/\/tvc16.com\/portal\/wp-json\/wp\/v2\/types\/post"}],"author":[{"embeddable":true,"href":"https:\/\/tvc16.com\/portal\/wp-json\/wp\/v2\/users\/2"}],"replies":[{"embeddable":true,"href":"https:\/\/tvc16.com\/portal\/wp-json\/wp\/v2\/comments?post=6358"}],"version-history":[{"count":1,"href":"https:\/\/tvc16.com\/portal\/wp-json\/wp\/v2\/posts\/6358\/revisions"}],"predecessor-version":[{"id":6361,"href":"https:\/\/tvc16.com\/portal\/wp-json\/wp\/v2\/posts\/6358\/revisions\/6361"}],"wp:featuredmedia":[{"embeddable":true,"href":"https:\/\/tvc16.com\/portal\/wp-json\/wp\/v2\/media\/6359"}],"wp:attachment":[{"href":"https:\/\/tvc16.com\/portal\/wp-json\/wp\/v2\/media?parent=6358"}],"wp:term":[{"taxonomy":"category","embeddable":true,"href":"https:\/\/tvc16.com\/portal\/wp-json\/wp\/v2\/categories?post=6358"},{"taxonomy":"post_tag","embeddable":true,"href":"https:\/\/tvc16.com\/portal\/wp-json\/wp\/v2\/tags?post=6358"}],"curies":[{"name":"wp","href":"https:\/\/api.w.org\/{rel}","templated":true}]}}