{"id":6362,"date":"2020-11-22T16:14:08","date_gmt":"2020-11-22T19:14:08","guid":{"rendered":"https:\/\/tvc16.com\/portal\/?p=6362"},"modified":"2020-11-22T16:14:10","modified_gmt":"2020-11-22T19:14:10","slug":"mutirao-no-hospital-alcides-carneiro-continua-nesta-segunda-feira-23","status":"publish","type":"post","link":"https:\/\/tvc16.com\/portal\/2020\/11\/22\/mutirao-no-hospital-alcides-carneiro-continua-nesta-segunda-feira-23\/","title":{"rendered":"Mutir\u00e3o no Hospital Alcides Carneiro continua nesta segunda-feira (23)"},"content":{"rendered":"\n<p>O Hospital Alcides Carneiro, em Corr\u00eaas, realiza nesta segunda-feira (23), cirurgias para coloca\u00e7\u00e3o de pr\u00f3teses e reconstru\u00e7\u00e3o de mamas em 10 pacientes j\u00e1 agendadas. \u00a0Em nota, a Secretaria de Sa\u00fade informa que os procedimentos ter\u00e3o in\u00edcio \u00e0s 8h, e ser\u00e3o realizados por m\u00e9dicos convidados pela Unidade de Sa\u00fade. O objetivo segundo a Secretaria de Sa\u00fade \u00e9 resgatar a autoestima de mulheres acometidas pelo c\u00e2ncer.<\/p>\n\n\n\n<p>O mutir\u00e3o segue na ter\u00e7a-feira (24), com procedimentos de mamografia e tomografia que ir\u00e1 atender 20 pacientes, com previs\u00e3o de in\u00edcio \u00e0s 17h. Tamb\u00e9m haver\u00e1 atendimento voltado \u00e0s crian\u00e7as. S\u00e3o seis pacientes da ala pedi\u00e1trica que ser\u00e3o submetidos \u00e0 cirurgias na especialidade de otorrinolaringologia, com in\u00edcio tamb\u00e9m \u00e0s 17h.<\/p>\n\n\n\n<p>A nota informa ainda que na pr\u00f3xima quarta-feira (25), est\u00e1 agendado 25 pacientes que far\u00e3o exames de endoscopia digestiva a partir das 8h.<\/p>\n","protected":false},"excerpt":{"rendered":"<p>O Hospital Alcides Carneiro, em Corr\u00eaas, realiza nesta segunda-feira (23), cirurgias para coloca\u00e7\u00e3o de pr\u00f3teses<\/p>\n","protected":false},"author":2,"featured_media":6363,"comment_status":"open","ping_status":"open","sticky":false,"template":"","format":"standard","meta":{"footnotes":""},"categories":[12],"tags":[],"class_list":["post-6362","post","type-post","status-publish","format-standard","has-post-thumbnail","hentry","category-cidade"],"_links":{"self":[{"href":"https:\/\/tvc16.com\/portal\/wp-json\/wp\/v2\/posts\/6362","targetHints":{"allow":["GET"]}}],"collection":[{"href":"https:\/\/tvc16.com\/portal\/wp-json\/wp\/v2\/posts"}],"about":[{"href":"https:\/\/tvc16.com\/portal\/wp-json\/wp\/v2\/types\/post"}],"author":[{"embeddable":true,"href":"https:\/\/tvc16.com\/portal\/wp-json\/wp\/v2\/users\/2"}],"replies":[{"embeddable":true,"href":"https:\/\/tvc16.com\/portal\/wp-json\/wp\/v2\/comments?post=6362"}],"version-history":[{"count":1,"href":"https:\/\/tvc16.com\/portal\/wp-json\/wp\/v2\/posts\/6362\/revisions"}],"predecessor-version":[{"id":6364,"href":"https:\/\/tvc16.com\/portal\/wp-json\/wp\/v2\/posts\/6362\/revisions\/6364"}],"wp:featuredmedia":[{"embeddable":true,"href":"https:\/\/tvc16.com\/portal\/wp-json\/wp\/v2\/media\/6363"}],"wp:attachment":[{"href":"https:\/\/tvc16.com\/portal\/wp-json\/wp\/v2\/media?parent=6362"}],"wp:term":[{"taxonomy":"category","embeddable":true,"href":"https:\/\/tvc16.com\/portal\/wp-json\/wp\/v2\/categories?post=6362"},{"taxonomy":"post_tag","embeddable":true,"href":"https:\/\/tvc16.com\/portal\/wp-json\/wp\/v2\/tags?post=6362"}],"curies":[{"name":"wp","href":"https:\/\/api.w.org\/{rel}","templated":true}]}}