{"id":6365,"date":"2020-11-22T16:18:05","date_gmt":"2020-11-22T19:18:05","guid":{"rendered":"https:\/\/tvc16.com\/portal\/?p=6365"},"modified":"2020-11-22T16:18:07","modified_gmt":"2020-11-22T19:18:07","slug":"aplicativo-vai-facilitar-declaracao-da-agua-utilizada-pelos-consumidores","status":"publish","type":"post","link":"https:\/\/tvc16.com\/portal\/2020\/11\/22\/aplicativo-vai-facilitar-declaracao-da-agua-utilizada-pelos-consumidores\/","title":{"rendered":"Aplicativo vai facilitar declara\u00e7\u00e3o da \u00e1gua utilizada pelos consumidores"},"content":{"rendered":"\n<p>Data de publica\u00e7\u00e3o: 22 de Novembro de 2020, 00:00h<\/p>\n\n\n\n<p>Iniciativa da Ag\u00eancia Nacional de \u00c1guas, ferramenta vai permitir declara\u00e7\u00e3o instant\u00e2nea de usos da \u00e1gua pelos usu\u00e1rios do recurso<\/p>\n\n\n\n<p>Com o objetivo de simplificar a vida dos usu\u00e1rios de recursos h\u00eddricos na hora de declarar o volume de \u00e1gua que utilizam, a Ag\u00eancia Nacional de \u00c1guas e Saneamento B\u00e1sico (ANA) est\u00e1 lan\u00e7ando o aplicativo gratuito Declara \u00c1gua. A ferramenta, que est\u00e1 dispon\u00edvel para os sistemas Android e iOS, tamb\u00e9m \u00e9 um canal de comunica\u00e7\u00e3o entre consumidores de recursos h\u00eddricos com a ag\u00eancia ou com o \u00f3rg\u00e3o gestor estadual.&nbsp;<br>&nbsp;<br>De acordo com a ANA, o aplicativo vai permitir que o usu\u00e1rio registre seu consumo de \u00e1gua por meio de celular ou tablet. A ferramenta deve facilitar o autogerenciamento do uso dos recursos h\u00eddricos, para n\u00e3o exceder os limites previstos nos normativos legais. J\u00e1 os \u00f3rg\u00e3os gestores estaduais v\u00e3o ter na plataforma um volume grande de dados, gra\u00e7as \u00e0 maior participa\u00e7\u00e3o dos usu\u00e1rios. Isso deve facilitar a gest\u00e3o e fiscaliza\u00e7\u00e3o do uso da \u00e1gua, o que pode at\u00e9 resultar no aumento da disponibilidade h\u00eddrica de uma regi\u00e3o.&nbsp;<br>&nbsp;<br>O usu\u00e1rio pode acessar seu consumo cadastrado no sistema do CNARH ou seu registro no Cadastro do Governo Federal <a href=\"http:\/\/(gov.br\">(gov.br<\/a>). Para mais informa\u00e7\u00f5es, acesse: <a href=\"http:\/\/gov.br\/ana\">gov.br\/ana<\/a>.&nbsp;<\/p>\n\n\n\n<p><strong><a href=\"https:\/\/brasil61.com\/noticias\/ana-lanca-aplicativo-que-permite-a-qualquer-pessoa-acessar-os-dados-de-chuvas-e-rios-bras202547\">ANA lan\u00e7a aplicativo que permite a qualquer pessoa acessar os dados de chuvas e rios<\/a><\/strong><\/p>\n\n\n\n<p><strong><a href=\"https:\/\/brasil61.com\/noticias\/saneamento-basico-gestao-comunitaria-da-agua-e-a-esperanca-para-17-milhoes-de-moradores-da-area-rural-bras202401\">Saneamento b\u00e1sico: gest\u00e3o comunit\u00e1ria da \u00e1gua \u00e9 a esperan\u00e7a para 17 milh\u00f5es de moradores da \u00e1rea rural<\/a><\/strong><\/p>\n\n\n\n<p><strong><a href=\"https:\/\/brasil61.com\/noticias\/municipios-do-norte-e-nordeste-sofrem-com-escassez-de-recursos-para-area-de-saneamento-basico-aponta-ipea-bras202649\">Munic\u00edpios do Norte e Nordeste sofrem com escassez de recursos para \u00e1rea de saneamento b\u00e1sico, aponta Ipea<\/a><\/strong><\/p>\n\n\n\n<p>Fonte: <a href=\"https:\/\/brasil61.com\/noticias\/aplicativo-vai-facilitar-declaracao-da-agua-utilizada-pelos-consumidores-bras202695?email=bethdeoliveira@yahoo.com.br&amp;utm_source=newsletter&amp;utm_medium=newsletter&amp;utm_campaign=newsletter\" target=\"_blank\" rel=\"noreferrer noopener\">Brasil 61<\/a><\/p>\n","protected":false},"excerpt":{"rendered":"<p>Data de publica\u00e7\u00e3o: 22 de Novembro de 2020, 00:00h Iniciativa da Ag\u00eancia Nacional de \u00c1guas,<\/p>\n","protected":false},"author":2,"featured_media":6366,"comment_status":"open","ping_status":"open","sticky":false,"template":"","format":"standard","meta":{"footnotes":""},"categories":[14],"tags":[],"class_list":["post-6365","post","type-post","status-publish","format-standard","has-post-thumbnail","hentry","category-pais"],"_links":{"self":[{"href":"https:\/\/tvc16.com\/portal\/wp-json\/wp\/v2\/posts\/6365","targetHints":{"allow":["GET"]}}],"collection":[{"href":"https:\/\/tvc16.com\/portal\/wp-json\/wp\/v2\/posts"}],"about":[{"href":"https:\/\/tvc16.com\/portal\/wp-json\/wp\/v2\/types\/post"}],"author":[{"embeddable":true,"href":"https:\/\/tvc16.com\/portal\/wp-json\/wp\/v2\/users\/2"}],"replies":[{"embeddable":true,"href":"https:\/\/tvc16.com\/portal\/wp-json\/wp\/v2\/comments?post=6365"}],"version-history":[{"count":1,"href":"https:\/\/tvc16.com\/portal\/wp-json\/wp\/v2\/posts\/6365\/revisions"}],"predecessor-version":[{"id":6367,"href":"https:\/\/tvc16.com\/portal\/wp-json\/wp\/v2\/posts\/6365\/revisions\/6367"}],"wp:featuredmedia":[{"embeddable":true,"href":"https:\/\/tvc16.com\/portal\/wp-json\/wp\/v2\/media\/6366"}],"wp:attachment":[{"href":"https:\/\/tvc16.com\/portal\/wp-json\/wp\/v2\/media?parent=6365"}],"wp:term":[{"taxonomy":"category","embeddable":true,"href":"https:\/\/tvc16.com\/portal\/wp-json\/wp\/v2\/categories?post=6365"},{"taxonomy":"post_tag","embeddable":true,"href":"https:\/\/tvc16.com\/portal\/wp-json\/wp\/v2\/tags?post=6365"}],"curies":[{"name":"wp","href":"https:\/\/api.w.org\/{rel}","templated":true}]}}