{"id":6368,"date":"2020-11-22T16:23:57","date_gmt":"2020-11-22T19:23:57","guid":{"rendered":"https:\/\/tvc16.com\/portal\/?p=6368"},"modified":"2020-11-22T16:24:00","modified_gmt":"2020-11-22T19:24:00","slug":"rio-de-janeiro-amplia-oferta-de-leitos-destinados-ao-tratamento-da-covid-19","status":"publish","type":"post","link":"https:\/\/tvc16.com\/portal\/2020\/11\/22\/rio-de-janeiro-amplia-oferta-de-leitos-destinados-ao-tratamento-da-covid-19\/","title":{"rendered":"Rio de Janeiro amplia oferta de leitos destinados ao tratamento da Covid-19"},"content":{"rendered":"\n<p>Mais 83 leitos devem ser disponibilizados em cinco hospitais da rede estadual<\/p>\n\n\n\n<p>Diante da alta recente na taxa de ocupa\u00e7\u00e3o de leitos para pacientes com Covid-19 no Sistema \u00danico de Sa\u00fade (SUS), a Secretaria de Sa\u00fade do Estado do Rio de Janeiro anunciou a abertura de mais leitos cl\u00ednicos e de terapia intensiva para o tratamento da doen\u00e7a.&nbsp;<\/p>\n\n\n\n<p>Foi determinado que todos os leitos destinados ao tratamento do v\u00edrus, que estejam livres, devem estar prontos para serem utilizados. Al\u00e9m disso, mais 83 leitos devem ser disponibilizados em cinco hospitais da rede estadual.&nbsp;<\/p>\n\n\n\n<p><a href=\"https:\/\/brasil61.com\/noticias\/ministerio-da-saude-traca-estrategia-de-vacinacao-contra-a-covid-19-bras202692\"><strong>Minist\u00e9rio da Sa\u00fade tra\u00e7a estrat\u00e9gia de vacina\u00e7\u00e3o contra a Covid-19<\/strong><\/a><\/p>\n\n\n\n<p><a href=\"https:\/\/brasil61.com\/noticias\/mg-belo-horizonte-e-contagem-tem-aumento-de-infectados-com-covid-19-aponta-estudo-bras202683\"><strong>MG: Belo Horizonte e Contagem t\u00eam aumento de infectados com Covid-19, aponta estudo<\/strong><\/a><\/p>\n\n\n\n<p>Dos leitos disponibilizados, 42 s\u00e3o no Hospital Municipal S\u00e3o Jos\u00e9, em Duque de Caxias; 25 no Hospital Universit\u00e1rio Pedro Ernesto (HUPE); 12 no Instituto Nacional de Infectologia (INI); 3 no Hospital Estadual Carlos Chagas (HECC); 1 no Hospital Estadual Anchieta (HEAN).<\/p>\n\n\n\n<p>A secretaria descartou ainda a reativa\u00e7\u00e3o dos hospitais de campanha, administrados pelo estado. Segundo a pasta, as unidades tempor\u00e1rias j\u00e1 foram desmobilizadas, e o material usado nos hospitais foi removido para a Central de Armazenamento de Materiais relacionados \u00e0 Covid-19, de onde deve ser destinado para outras unidades de sa\u00fade.&nbsp;<\/p>\n\n\n\n<p>Fonte: <a href=\"https:\/\/brasil61.com\/noticias\/rio-de-janeiro-amplia-oferta-de-leitos-destinados-ao-tratamento-da-covid-19-bras202696?email=bethdeoliveira@yahoo.com.br&amp;utm_source=newsletter&amp;utm_medium=newsletter&amp;utm_campaign=newsletter\" target=\"_blank\" rel=\"noreferrer noopener\">Brasil 61<\/a><\/p>\n","protected":false},"excerpt":{"rendered":"<p>Mais 83 leitos devem ser disponibilizados em cinco hospitais da rede estadual Diante da alta<\/p>\n","protected":false},"author":2,"featured_media":6369,"comment_status":"open","ping_status":"open","sticky":false,"template":"","format":"standard","meta":{"footnotes":""},"categories":[13],"tags":[],"class_list":["post-6368","post","type-post","status-publish","format-standard","has-post-thumbnail","hentry","category-saude"],"_links":{"self":[{"href":"https:\/\/tvc16.com\/portal\/wp-json\/wp\/v2\/posts\/6368","targetHints":{"allow":["GET"]}}],"collection":[{"href":"https:\/\/tvc16.com\/portal\/wp-json\/wp\/v2\/posts"}],"about":[{"href":"https:\/\/tvc16.com\/portal\/wp-json\/wp\/v2\/types\/post"}],"author":[{"embeddable":true,"href":"https:\/\/tvc16.com\/portal\/wp-json\/wp\/v2\/users\/2"}],"replies":[{"embeddable":true,"href":"https:\/\/tvc16.com\/portal\/wp-json\/wp\/v2\/comments?post=6368"}],"version-history":[{"count":1,"href":"https:\/\/tvc16.com\/portal\/wp-json\/wp\/v2\/posts\/6368\/revisions"}],"predecessor-version":[{"id":6370,"href":"https:\/\/tvc16.com\/portal\/wp-json\/wp\/v2\/posts\/6368\/revisions\/6370"}],"wp:featuredmedia":[{"embeddable":true,"href":"https:\/\/tvc16.com\/portal\/wp-json\/wp\/v2\/media\/6369"}],"wp:attachment":[{"href":"https:\/\/tvc16.com\/portal\/wp-json\/wp\/v2\/media?parent=6368"}],"wp:term":[{"taxonomy":"category","embeddable":true,"href":"https:\/\/tvc16.com\/portal\/wp-json\/wp\/v2\/categories?post=6368"},{"taxonomy":"post_tag","embeddable":true,"href":"https:\/\/tvc16.com\/portal\/wp-json\/wp\/v2\/tags?post=6368"}],"curies":[{"name":"wp","href":"https:\/\/api.w.org\/{rel}","templated":true}]}}