{"id":6371,"date":"2020-11-22T16:25:23","date_gmt":"2020-11-22T19:25:23","guid":{"rendered":"https:\/\/tvc16.com\/portal\/?p=6371"},"modified":"2020-11-22T16:25:25","modified_gmt":"2020-11-22T19:25:25","slug":"cnm-promove-reunioes-com-prefeitos-eleitos-de-todas-as-regioes","status":"publish","type":"post","link":"https:\/\/tvc16.com\/portal\/2020\/11\/22\/cnm-promove-reunioes-com-prefeitos-eleitos-de-todas-as-regioes\/","title":{"rendered":"CNM promove reuni\u00f5es com prefeitos eleitos de todas as regi\u00f5es"},"content":{"rendered":"\n<p>Encontros ocorrem entre 23 e 30 de novembro; gestores interessados em participar precisam se inscrever<\/p>\n\n\n\n<p>Entre 23 e 30 de novembro, a Confedera\u00e7\u00e3o Nacional de Munic\u00edpios (CNM) promove o &nbsp;1\u00ba Encontro de Prefeitos Eleitos. As reuni\u00f5es ser\u00e3o divididas por regi\u00f5es e ter\u00e3o dura\u00e7\u00e3o de duas horas, e ser\u00e3o feitas pela internet.&nbsp;<\/p>\n\n\n\n<p>Os encontros ter\u00e3o a presen\u00e7a do presidente da entidade, Glademir Aroldi, que ir\u00e1 mostrar aos participantes a import\u00e2ncia do movimento municipalista. Os gestores tamb\u00e9m ter\u00e3o a oportunidade de expor sugest\u00f5es \u00e0 confedera\u00e7\u00e3o.<\/p>\n\n\n\n<p><strong><a href=\"https:\/\/brasil61.com\/noticias\/eleicoes-2020-atuacao-dos-gestores-municipais-durante-a-pandemia-deve-impactar-diretamente-a-decisao-do-eleitor-bras202579\" target=\"_blank\" rel=\"noreferrer noopener\">Elei\u00e7\u00f5es 2020: Atua\u00e7\u00e3o dos gestores municipais durante a pandemia deve impactar diretamente a decis\u00e3o do eleitor<\/a><\/strong><\/p>\n\n\n\n<p>O primeiro encontro ser\u00e1 feito com pol\u00edticos da regi\u00e3o Nordeste. No dia 25, ser\u00e1 a vez dos gestores do Centro-Oeste e do Norte; no dia 27, com pol\u00edticos do Sudeste; e, em 30 de novembro, gestores da regi\u00e3o Sul. Os gestores j\u00e1 podem se inscrever no site da entidade, <a href=\"http:\/\/www.cnm.org.br\" target=\"_blank\" rel=\"noreferrer noopener\">www.cnm.org.br<\/a><\/p>\n\n\n\n<p>Fonte: <a href=\"https:\/\/brasil61.com\/noticias\/cnm-promove-reunioes-com-prefeitos-eleitos-de-todas-as-regioes-bras202700?email=bethdeoliveira@yahoo.com.br&amp;utm_source=newsletter&amp;utm_medium=newsletter&amp;utm_campaign=newsletter\" target=\"_blank\" rel=\"noreferrer noopener\">Brasil 61<\/a><\/p>\n","protected":false},"excerpt":{"rendered":"<p>Encontros ocorrem entre 23 e 30 de novembro; gestores interessados em participar precisam se inscrever<\/p>\n","protected":false},"author":2,"featured_media":6372,"comment_status":"open","ping_status":"open","sticky":false,"template":"","format":"standard","meta":{"footnotes":""},"categories":[15],"tags":[],"class_list":["post-6371","post","type-post","status-publish","format-standard","has-post-thumbnail","hentry","category-politica"],"_links":{"self":[{"href":"https:\/\/tvc16.com\/portal\/wp-json\/wp\/v2\/posts\/6371","targetHints":{"allow":["GET"]}}],"collection":[{"href":"https:\/\/tvc16.com\/portal\/wp-json\/wp\/v2\/posts"}],"about":[{"href":"https:\/\/tvc16.com\/portal\/wp-json\/wp\/v2\/types\/post"}],"author":[{"embeddable":true,"href":"https:\/\/tvc16.com\/portal\/wp-json\/wp\/v2\/users\/2"}],"replies":[{"embeddable":true,"href":"https:\/\/tvc16.com\/portal\/wp-json\/wp\/v2\/comments?post=6371"}],"version-history":[{"count":1,"href":"https:\/\/tvc16.com\/portal\/wp-json\/wp\/v2\/posts\/6371\/revisions"}],"predecessor-version":[{"id":6373,"href":"https:\/\/tvc16.com\/portal\/wp-json\/wp\/v2\/posts\/6371\/revisions\/6373"}],"wp:featuredmedia":[{"embeddable":true,"href":"https:\/\/tvc16.com\/portal\/wp-json\/wp\/v2\/media\/6372"}],"wp:attachment":[{"href":"https:\/\/tvc16.com\/portal\/wp-json\/wp\/v2\/media?parent=6371"}],"wp:term":[{"taxonomy":"category","embeddable":true,"href":"https:\/\/tvc16.com\/portal\/wp-json\/wp\/v2\/categories?post=6371"},{"taxonomy":"post_tag","embeddable":true,"href":"https:\/\/tvc16.com\/portal\/wp-json\/wp\/v2\/tags?post=6371"}],"curies":[{"name":"wp","href":"https:\/\/api.w.org\/{rel}","templated":true}]}}