{"id":6374,"date":"2020-11-22T16:31:09","date_gmt":"2020-11-22T19:31:09","guid":{"rendered":"https:\/\/tvc16.com\/portal\/?p=6374"},"modified":"2020-11-22T16:31:12","modified_gmt":"2020-11-22T19:31:12","slug":"mec-faz-cartilha-ao-congresso-nacional-explicando-importancia-das-emendas-parlamentares-para-educacao","status":"publish","type":"post","link":"https:\/\/tvc16.com\/portal\/2020\/11\/22\/mec-faz-cartilha-ao-congresso-nacional-explicando-importancia-das-emendas-parlamentares-para-educacao\/","title":{"rendered":"MEC faz cartilha ao Congresso Nacional explicando import\u00e2ncia das emendas parlamentares para educa\u00e7\u00e3o"},"content":{"rendered":"\n<p>A cartilha se chama \u201cOrienta\u00e7\u00e3o para apresenta\u00e7\u00e3o de emendas parlamentares ao or\u00e7amento de 2021\u201d e pretende mostrar necessidade de mais recursos para a \u00e1rea<\/p>\n\n\n\n<p>O Minist\u00e9rio da Educa\u00e7\u00e3o (MEC) publicou a cartilha \u2018<strong><a href=\"https:\/\/www.gov.br\/mec\/pt-br\/media\/acesso_informacacao\/pdf\/EmendasParlamentaresMEC2021_Cartilhadeorientaoparaapresentaodeemendasparlamentaresaooramento2021.pdf\">Orienta\u00e7\u00e3o para apresenta\u00e7\u00e3o de emendas parlamentares ao or\u00e7amento de 2021<\/a><\/strong>\u2019. Com a publica\u00e7\u00e3o o MEC pretende chamar aten\u00e7\u00e3o para a destina\u00e7\u00e3o de emendas parlamentares, com objetivo de ampliar as a\u00e7\u00f5es educacionais, fortalecendo a escola p\u00fablica e oferecendo melhores condi\u00e7\u00f5es para a educa\u00e7\u00e3o de crian\u00e7as, adolescentes, jovens e adultos, al\u00e9m de favorecer o alcance das metas do Plano Nacional de Educa\u00e7\u00e3o (PNE), e os demais indicadores educacionais.<\/p>\n\n\n\n<p><strong><a href=\"https:\/\/brasil61.com\/noticias\/redes-de-ensino-precisam-de-ajuda-para-funcionar-em-2021-bras202580\">Redes de Ensino precisam de ajuda para funcionar em 2021<\/a><\/strong><\/p>\n\n\n\n<p><a href=\"https:\/\/brasilmeiaum.com.br\/noticias\/especialistas-avaliam-que-apesar-da-covid-19-2020-nao-foi-um-ano-perdido-para-a-educacao-bras202184.amp\"><strong>Especialistas avaliam que apesar da Covid-19, 2020 n\u00e3o foi um ano perdido para a educa\u00e7\u00e3o<\/strong><\/a><\/p>\n\n\n\n<p>No documento, o ministro da Educa\u00e7\u00e3o, Milton Ribeiro, destaca aos parlamentares a import\u00e2ncia da parceria com o Congresso Nacional para impulsionar os investimentos em educa\u00e7\u00e3o. Desta forma, os parlamentares poder\u00e3o utilizar a cartilha para obter informa\u00e7\u00f5es referentes aos programas e projetos do MEC que podem ser objetos de emendas relacionadas com a educa\u00e7\u00e3o b\u00e1sica, educa\u00e7\u00e3o profissional e tecnol\u00f3gica, e educa\u00e7\u00e3o superior.<\/p>\n\n\n\n<p>Fonte: <a href=\"https:\/\/brasil61.com\/noticias\/mec-faz-cartilha-ao-congresso-nacional-explicando-importancia-das-emendas-parlamentares-para-educacao-bras202703?email=bethdeoliveira@yahoo.com.br&amp;utm_source=newsletter&amp;utm_medium=newsletter&amp;utm_campaign=newsletter\" target=\"_blank\" rel=\"noreferrer noopener\">Brasil 61<\/a><\/p>\n","protected":false},"excerpt":{"rendered":"<p>A cartilha se chama \u201cOrienta\u00e7\u00e3o para apresenta\u00e7\u00e3o de emendas parlamentares ao or\u00e7amento de 2021\u201d e<\/p>\n","protected":false},"author":2,"featured_media":6375,"comment_status":"open","ping_status":"open","sticky":false,"template":"","format":"standard","meta":{"footnotes":""},"categories":[19],"tags":[],"class_list":["post-6374","post","type-post","status-publish","format-standard","has-post-thumbnail","hentry","category-educacao"],"_links":{"self":[{"href":"https:\/\/tvc16.com\/portal\/wp-json\/wp\/v2\/posts\/6374","targetHints":{"allow":["GET"]}}],"collection":[{"href":"https:\/\/tvc16.com\/portal\/wp-json\/wp\/v2\/posts"}],"about":[{"href":"https:\/\/tvc16.com\/portal\/wp-json\/wp\/v2\/types\/post"}],"author":[{"embeddable":true,"href":"https:\/\/tvc16.com\/portal\/wp-json\/wp\/v2\/users\/2"}],"replies":[{"embeddable":true,"href":"https:\/\/tvc16.com\/portal\/wp-json\/wp\/v2\/comments?post=6374"}],"version-history":[{"count":1,"href":"https:\/\/tvc16.com\/portal\/wp-json\/wp\/v2\/posts\/6374\/revisions"}],"predecessor-version":[{"id":6376,"href":"https:\/\/tvc16.com\/portal\/wp-json\/wp\/v2\/posts\/6374\/revisions\/6376"}],"wp:featuredmedia":[{"embeddable":true,"href":"https:\/\/tvc16.com\/portal\/wp-json\/wp\/v2\/media\/6375"}],"wp:attachment":[{"href":"https:\/\/tvc16.com\/portal\/wp-json\/wp\/v2\/media?parent=6374"}],"wp:term":[{"taxonomy":"category","embeddable":true,"href":"https:\/\/tvc16.com\/portal\/wp-json\/wp\/v2\/categories?post=6374"},{"taxonomy":"post_tag","embeddable":true,"href":"https:\/\/tvc16.com\/portal\/wp-json\/wp\/v2\/tags?post=6374"}],"curies":[{"name":"wp","href":"https:\/\/api.w.org\/{rel}","templated":true}]}}