{"id":6377,"date":"2020-11-22T16:34:29","date_gmt":"2020-11-22T19:34:29","guid":{"rendered":"https:\/\/tvc16.com\/portal\/?p=6377"},"modified":"2020-11-22T16:34:31","modified_gmt":"2020-11-22T19:34:31","slug":"programa-casa-verde-e-amarela-tera-mais-recursos-do-fgts-para-este-ano","status":"publish","type":"post","link":"https:\/\/tvc16.com\/portal\/2020\/11\/22\/programa-casa-verde-e-amarela-tera-mais-recursos-do-fgts-para-este-ano\/","title":{"rendered":"Programa Casa Verde e Amarela ter\u00e1 mais recursos do FGTS para este ano"},"content":{"rendered":"\n<p>Montante disponibilizado para as pol\u00edticas p\u00fablicas de habita\u00e7\u00e3o chegar\u00e1 a R$ 62 bilh\u00f5es em 2020, de um total de R$ 68,9 bilh\u00f5es<\/p>\n\n\n\n<p>O programa habitacional do Governo Federal, Casa Verde e Amarela, contar\u00e1 com mais recursos do Fundo de Garantia do Tempo de Servi\u00e7o (FGTS) at\u00e9 o final deste ano. O Conselho Curador do FGTS aprovou um aporte de R$ 5,5 bilh\u00f5es para a\u00e7\u00f5es no setor, desempenhadas pelo Minist\u00e9rio do Desenvolvimento Regional (MDR). Ao todo, o montante disponibilizado para as pol\u00edticas p\u00fablicas de habita\u00e7\u00e3o chegar\u00e1 a R$ 62 bilh\u00f5es em 2020, de um total de R$ 68,9 bilh\u00f5es.<\/p>\n\n\n\n<p>O novo programa de habita\u00e7\u00e3o vai substituir o Minha Casa Minha Vida, heran\u00e7a do governo Lula (PT), com juros m\u00ednimos de 4,25% ao ano e condi\u00e7\u00f5es diferenciadas para o Norte e Nordeste, al\u00e9m da possibilidade de renegocia\u00e7\u00e3o de d\u00edvidas com os programas para os benefici\u00e1rios de mais baixa renda.<\/p>\n\n\n\n<p>Segundo o ministro do Desenvolvimento Regional, Rog\u00e9rio Marinho, os recursos do FGTS s\u00e3o essenciais para que o governo d\u00ea continuidade \u00e0s pol\u00edticas p\u00fablicas de habita\u00e7\u00e3o, impulsionando e dando mais f\u00f4lego ao programa.&nbsp;<\/p>\n\n\n\n<p>A promessa de execu\u00e7\u00e3o \u00e9 construir mais unidades habitacionais com menos dinheiro. \u201cN\u00f3s demos um impacto maior na diminui\u00e7\u00e3o da presta\u00e7\u00e3o no Nordeste para que o maior n\u00famero de fam\u00edlias tenham acesso naquela regi\u00e3o, onde a demanda reprimida \u00e9 muito maior em fun\u00e7\u00e3o da dificuldade financeira das fam\u00edlias\u201d, explicou o ministro. &nbsp;<\/p>\n\n\n\n<p><a href=\"https:\/\/brasil61.com\/noticias\/casa-verde-e-amarela-e-aposta-para-reaquecer-o-mercado-imobiliario-bras201997\"><strong>Casa Verde e Amarela \u00e9 aposta para reaquecer o mercado imobili\u00e1rio<\/strong><\/a><\/p>\n\n\n\n<p><a href=\"https:\/\/brasil61.com\/noticias\/casa-verde-e-amarela-tera-reducao-na-taxa-de-juros-para-financiamentos-habitacionais-bras202189\"><strong>Casa Verde e Amarela ter\u00e1 redu\u00e7\u00e3o na taxa de juros para financiamentos habitacionais<\/strong><\/a><\/p>\n\n\n\n<p>O Conselho Curador do FGTS aprovou tamb\u00e9m a proposta or\u00e7ament\u00e1ria para a utiliza\u00e7\u00e3o do Fundo em pol\u00edticas p\u00fablicas federais para 2021 e o Plano Plurianual de 2022 a 2024. No ano que vem, esse valor tamb\u00e9m ser\u00e1 de R$ 68,9 bilh\u00f5es. A previs\u00e3o \u00e9 que o setor habitacional tenha acesso a R$ 56,5 bilh\u00f5es; o de saneamento, R$ 4 bilh\u00f5es; o de infraestrutura urbana, R$ 5 bilh\u00f5es; e outros R$ 3,447 bilh\u00f5es para o FGTS-Sa\u00fade.<\/p>\n\n\n\n<h2 class=\"wp-block-heading\">Diferen\u00e7as&nbsp;<\/h2>\n\n\n\n<p>O novo programa passa a dividir o p\u00fablico alvo em tr\u00eas grupos e, al\u00e9m de financiamento de im\u00f3veis, prev\u00ea a\u00e7\u00f5es voltadas \u00e0 regulariza\u00e7\u00e3o fundi\u00e1ria, reforma de im\u00f3veis e retomada de obras.<\/p>\n\n\n\n<figure class=\"wp-block-image\"><img decoding=\"async\" src=\"\/\/s3-sa-east-1.amazonaws.com\/agencia-radio-arb\/3161\/content_MINHA-CASA-MINHA-VIDA.png\" alt=\"\"\/><\/figure>\n\n\n\n<p>O Correspondente do Caixa Aqui, Wesley Alves, avaliou que na pr\u00e1tica mais fam\u00edlias ser\u00e3o beneficiadas fomentando a constru\u00e7\u00e3o civil no Pa\u00eds, gerando emprego e renda. \u201cQuando falamos do novo programa Casa Verde e Amarela estamos falando do novo programa do governo que n\u00e3o beneficia s\u00f3 o amontoado direto do financiamento, mas uma cadeia de produ\u00e7\u00e3o, que vai desde a loja de material de constru\u00e7\u00e3o at\u00e9 o trabalhador direto da constru\u00e7\u00e3o civil\u201d, afirmou. &nbsp;<\/p>\n\n\n\n<p>O programa habitacional foi criado pela Medida Provis\u00f3ria (MP) 996\/2020. O texto, que j\u00e1 entrou em vigor, ainda precisa ser votado pela C\u00e2mara e pelo Senado para ser transformado definitivamente em lei.<br>&nbsp;<\/p>\n\n\n\n<p>Fonte: <a href=\"https:\/\/brasil61.com\/noticias\/programa-casa-verde-e-amarela-tera-mais-recursos-do-fgts-para-este-ano-bras202670?email=bethdeoliveira@yahoo.com.br&amp;utm_source=newsletter&amp;utm_medium=newsletter&amp;utm_campaign=newsletter\" target=\"_blank\" rel=\"noreferrer noopener\">Brasil 61<\/a><\/p>\n","protected":false},"excerpt":{"rendered":"<p>Montante disponibilizado para as pol\u00edticas p\u00fablicas de habita\u00e7\u00e3o chegar\u00e1 a R$ 62 bilh\u00f5es em 2020,<\/p>\n","protected":false},"author":2,"featured_media":6378,"comment_status":"open","ping_status":"open","sticky":false,"template":"","format":"standard","meta":{"footnotes":""},"categories":[18],"tags":[],"class_list":["post-6377","post","type-post","status-publish","format-standard","has-post-thumbnail","hentry","category-economia"],"_links":{"self":[{"href":"https:\/\/tvc16.com\/portal\/wp-json\/wp\/v2\/posts\/6377","targetHints":{"allow":["GET"]}}],"collection":[{"href":"https:\/\/tvc16.com\/portal\/wp-json\/wp\/v2\/posts"}],"about":[{"href":"https:\/\/tvc16.com\/portal\/wp-json\/wp\/v2\/types\/post"}],"author":[{"embeddable":true,"href":"https:\/\/tvc16.com\/portal\/wp-json\/wp\/v2\/users\/2"}],"replies":[{"embeddable":true,"href":"https:\/\/tvc16.com\/portal\/wp-json\/wp\/v2\/comments?post=6377"}],"version-history":[{"count":1,"href":"https:\/\/tvc16.com\/portal\/wp-json\/wp\/v2\/posts\/6377\/revisions"}],"predecessor-version":[{"id":6379,"href":"https:\/\/tvc16.com\/portal\/wp-json\/wp\/v2\/posts\/6377\/revisions\/6379"}],"wp:featuredmedia":[{"embeddable":true,"href":"https:\/\/tvc16.com\/portal\/wp-json\/wp\/v2\/media\/6378"}],"wp:attachment":[{"href":"https:\/\/tvc16.com\/portal\/wp-json\/wp\/v2\/media?parent=6377"}],"wp:term":[{"taxonomy":"category","embeddable":true,"href":"https:\/\/tvc16.com\/portal\/wp-json\/wp\/v2\/categories?post=6377"},{"taxonomy":"post_tag","embeddable":true,"href":"https:\/\/tvc16.com\/portal\/wp-json\/wp\/v2\/tags?post=6377"}],"curies":[{"name":"wp","href":"https:\/\/api.w.org\/{rel}","templated":true}]}}