{"id":6383,"date":"2020-11-23T12:53:29","date_gmt":"2020-11-23T15:53:29","guid":{"rendered":"https:\/\/tvc16.com\/portal\/?p=6383"},"modified":"2020-11-23T12:53:32","modified_gmt":"2020-11-23T15:53:32","slug":"summit-firjan-iel-festival-futuros-possiveis-2020-reune-especialistas-do-brasil-e-do-mundo-para-debater-gestao-e-produtividade","status":"publish","type":"post","link":"https:\/\/tvc16.com\/portal\/2020\/11\/23\/summit-firjan-iel-festival-futuros-possiveis-2020-reune-especialistas-do-brasil-e-do-mundo-para-debater-gestao-e-produtividade\/","title":{"rendered":"Summit Firjan IEL + Festival Futuros Poss\u00edveis 2020 re\u00fane especialistas do Brasil e do mundo para debater gest\u00e3o e produtividade"},"content":{"rendered":"\n<p><em>Com palestras e atividades gratuitas, evento on-line acontece de 24 a 27 de novembro e vai abordar temas como lideran\u00e7a adapt\u00e1vel e emp\u00e1tica, hiperdigitaliza\u00e7\u00e3o e mudan\u00e7a de modelo mental<\/em><\/p>\n\n\n\n<p>Entre os dias 24 e 27 de novembro, a Casa Firjan realiza o Summit Firjan IEL &amp; Festival Futuros Poss\u00edveis. Os eventos chegam em sua terceira edi\u00e7\u00e3o e se unem em um \u00fanico encontro para debater grandes temas que prometem impactar a vida de l\u00edderes e profissionais a curto e longo prazo.<\/p>\n\n\n\n<p>Durante quatro dias, pensadores e gestores do Brasil e do mundo falar\u00e3o sobre temas como&nbsp;<strong>lideran\u00e7a adapt\u00e1vel para o futuro, inova\u00e7\u00e3o, hiperdigitaliza\u00e7\u00e3o e modelo mental para uma gest\u00e3o de produtividade.<\/strong>&nbsp;A ideia \u00e9 unir discuss\u00f5es que apoiem as lideran\u00e7as na busca dos melhores caminhos para se manterem atualizadas no mercado \u2014 pauta do Summit Firjan IEL \u2014 com os desafios do futuro e reflex\u00f5es sobre os cen\u00e1rios de transforma\u00e7\u00e3o \u2014 foco do Festival Futuros Poss\u00edveis.<\/p>\n\n\n\n<p>Est\u00e3o entre os palestrantes,&nbsp;<strong>Riel Miller<\/strong>, chefe de letramentos de Futuro da Unesco em Paris,&nbsp;<strong>Navi Radjou,<\/strong>&nbsp;professor na Escola de neg\u00f3cios da Universidade de Cambridge,&nbsp;<strong>Christopher Maurer,&nbsp;<\/strong>arquiteto que trabalha com a Nasa para construir umaarquitetura viva que possa crescer fora do planeta,&nbsp;<strong>Lina Nakata<\/strong>, copresidente da PWN S\u00e3o Paulo \u2013 Professional Women Network, entre outros.<\/p>\n\n\n\n<p>&nbsp;\u201cA proposta da jun\u00e7\u00e3o Summit Firjan IEL + Futuros Poss\u00edveis 2020 \u00e9 engajar o p\u00fablico em uma narrativa instigante que come\u00e7a nos desafios e tend\u00eancias j\u00e1 presentes no hoje \u2013 os chamados sinais fortes; e termina nas provoca\u00e7\u00f5es sobre os futuros poss\u00edveis baseados em tend\u00eancias ainda preliminares e n\u00e3o amplamente difundidas \u2013 os chamados sinais fracos\u201d, explica Maria Isabel Oschery, gerente de conte\u00fado da Casa Firjan.<\/p>\n\n\n\n<p>Nos 3 primeiros dias, a programa\u00e7\u00e3o de palestras e paineis ser\u00e1 totalmente gratuita. J\u00e1 no \u00faltimo dia, para aqueles que quiserem se aprofundar em tem\u00e1ticas como Design Circular, Servitiza\u00e7\u00e3o de produtos e gest\u00e3o \u00e1gil, as oficinas pagas ter\u00e3o um n\u00famero limitado de participantes para promover troca entre alunos e docentes. Tamb\u00e9m haver\u00e1 atividades gratuitas com pautas como&nbsp;<strong>Fabrica\u00e7\u00e3o digital, dashboards e constru\u00e7\u00e3o de futuros plurais.<\/strong><\/p>\n\n\n\n<p>Por fim, outro destaque ser\u00e1 a experi\u00eancia imersiva Futuros Poss\u00edveis. Ao fim de cada dia de atividades, o&nbsp;<strong>Lab de Tend\u00eancias da Casa Firjan e o N\u00facleo Pequeno Ato<\/strong>&nbsp;convidam os participantes a experimentar o poder que suas escolhas t\u00eam na constru\u00e7\u00e3o de diferentes futuros. Durante a intera\u00e7\u00e3o, as pessoas viajar\u00e3o por algumas d\u00e9cadas acompanhando as mudan\u00e7as na sociedade.<\/p>\n\n\n\n<p><strong>INSCRI\u00c7\u00d5ES:<\/strong>&nbsp;<a rel=\"noreferrer noopener\" target=\"_blank\" href=\"https:\/\/nam02.safelinks.protection.outlook.com\/?url=https%3A%2F%2Fsummitefuturospossiveis.casafirjan.com.br%2F&amp;data=04%7C01%7Clearibeiro%40firjan.com.br%7Cadcf281348a6496873fb08d88bc710c1%7Cd0c698d4e4ea4ee9a79df2d7a78399c8%7C0%7C0%7C637413034385834344%7CUnknown%7CTWFpbGZsb3d8eyJWIjoiMC4wLjAwMDAiLCJQIjoiV2luMzIiLCJBTiI6Ik1haWwiLCJXVCI6Mn0%3D%7C1000&amp;sdata=5w5T0Xs9X1CLrPmq6VKM7k8tJ2PZ8XOB6hXS2B3tL7c%3D&amp;reserved=0\">https:\/\/summitefuturospossiveis.casafirjan.com.br\/<\/a><\/p>\n\n\n\n<p>&nbsp;<strong>Cone de futuros<\/strong><\/p>\n\n\n\n<p>Um dos conceitos por tr\u00e1s da narrativa do evento ano est\u00e1 no teoria do Cone de Futuros, de Joseph Voros. Conforme Maria Isabel Oschery, o cone, utilizado nas duas primeiras edi\u00e7\u00f5es do Festival Futuros Poss\u00edveis, passa a mensagem fundamental de que n\u00e3o existe \u2018O Futuro\u2019, mas sim variadas possibilidades de futuros.<\/p>\n\n\n\n<p>\u201cNa representa\u00e7\u00e3o do cone deitado, sua ponta representa o presente. A medida que nos distanciamos deste ponto presente, avan\u00e7amos para os futuros cada vez mais distantes e expandimos a \u00e1rea de possibilidades destes futuros \u2013 representado pela base larga do cone. Dentro dos Futuros Poss\u00edveis, existem os futuros plaus\u00edveis, prov\u00e1veis e preferidos\u201d, esclarece.<\/p>\n\n\n\n<p><strong>Confira a programa\u00e7\u00e3o completa:<\/strong><\/p>\n\n\n\n<p><strong>&nbsp;24\/11, Dia 1 \u2013 Lideran\u00e7a para o futuro<\/strong><\/p>\n\n\n\n<p><strong>Ricardo Guimar\u00e3es,<\/strong>&nbsp;presidente da Thymus, consultoria estrat\u00e9gica que aborda cultura, neg\u00f3cios e marca corporativa |<strong>As empresas como sistemas vivos e adapt\u00e1veis em cen\u00e1rios imprevis\u00edveis<\/strong><\/p>\n\n\n\n<p><strong>Yves Morieux,<\/strong>&nbsp;autor do best-seller Seis regras simples \u2013 Como gerenciar complexidade sem ficar complicado |&nbsp;<strong>Novos imperativos de gest\u00e3o para um mundo turbulento<\/strong><\/p>\n\n\n\n<p><strong>Diego Barreto<\/strong>, professor da Casa do Saber e mentor em mais de 30 startups do Brasil e do mundo |&nbsp;<strong>\u00c1gil e digital: como impulsionar a produtividade<\/strong><\/p>\n\n\n\n<p><strong>Maria Augusta Orofino<\/strong>, autora do livro&nbsp;Lideran\u00e7a para Inova\u00e7\u00e3o&nbsp;e coordenadora do programa Inova-SC (2011-2013), respons\u00e1vel pela implanta\u00e7\u00e3o de 13 polos de inova\u00e7\u00e3o em Santa Catarina |&nbsp;<strong>\u00c1gil e digital: como impulsionar a produtividade<\/strong><\/p>\n\n\n\n<p><strong>Navi Radjou,<\/strong>&nbsp;professor na Escola de neg\u00f3cios da Universidade de Cambridge e co-autor&nbsp; da obra \u201cFrugal Innovation: How to do better with less\u201d, publicada pela The Economist 2015 |&nbsp;<strong>Inova\u00e7\u00e3o para transformar adversidade em oportunidade<\/strong><\/p>\n\n\n\n<p><strong>Lina Nakata<\/strong>, cientista de dados do Great Place to Work e copresidente da PWN S\u00e3o Paulo \u2013 Professional Women Network |&nbsp;<strong>Lideran\u00e7a emp\u00e1tica em momentos de crise: construindo confian\u00e7a<\/strong><\/p>\n\n\n\n<p>\u200b<strong>&nbsp;25\/11, Dia 2 \u2013 Estudos de futuro<\/strong><\/p>\n\n\n\n<p>&nbsp;<strong>Marta Pinheiro,&nbsp;<\/strong>s\u00f3cia e diretora da \u00e1rea ESG na XP Inc |&nbsp;<strong>As empresas que o futuro precisa: novos par\u00e2metros para os neg\u00f3cios<\/strong><\/p>\n\n\n\n<p>&nbsp;<strong>Thomas Eckschmidt,&nbsp;<\/strong>autor do best seller Amazon: Jornada ao Capitalismo Consciente |&nbsp;<strong>As empresas que o futuro precisa: novos par\u00e2metros para os neg\u00f3cios<\/strong><\/p>\n\n\n\n<p><strong>Brenno Strussman,<\/strong>&nbsp;facilitador de dire\u00e7\u00e3o da Mercur S.A, empresa ga\u00facha de borracha que modificou seu processo de produ\u00e7\u00e3o, excluiu personagens infantis de materiais escolares, eliminou cargos de chefia e hoje compra borracha natural do Par\u00e1 e do Acre|&nbsp;<strong>As empresas que o futuro precisa: novos par\u00e2metros para os neg\u00f3cios<\/strong><\/p>\n\n\n\n<p><strong>Riel Miller,&nbsp;<\/strong>chefe de Letramento de Futuros na Unesco em Paris e um dos principais designers de previs\u00e3o estrat\u00e9gica do mundo |&nbsp;<strong>A import\u00e2ncia de estudos de futuro<\/strong><\/p>\n\n\n\n<p><strong>Marina Gorbis<\/strong>, Diretora do Institute for the future e autora do livro The Nature of the future: Dispatches from the Socialstructed World |&nbsp;<strong>Por que pensar como um futurista: antecipando cen\u00e1rios e suas oportunidades<\/strong><\/p>\n\n\n\n<p><strong>Marco Aur\u00e9lio Cesarino,&nbsp;<\/strong>empreendedor na EmbraerX |&nbsp;<strong>Como as empresas podem aplicar o pensamento de futuro em produtos e servi\u00e7os<\/strong><\/p>\n\n\n\n<p><strong>Bayo Akomolage:&nbsp;<\/strong>Palestrante nigeriano, fala sobre transracialidade, p\u00f3s-ativismo e autor do livro&nbsp;<strong>\u201c<\/strong>Contamos nossa pr\u00f3pria hist\u00f3ria: The Lions da \u00c1frica fala\u201d |<strong>Como construir futuros plurais e desej\u00e1veis.<\/strong><\/p>\n\n\n\n<p><strong>&nbsp;Lab de Tend\u00eancias da Casa Firjan<\/strong>&nbsp;apresenta Macrotend\u00eancias 2021-2022.<\/p>\n\n\n\n<p><strong>26\/11, Dia 3 \u2013 O futuro \u00e9 adapt\u00e1vel?<\/strong><\/p>\n\n\n\n<p><strong>Yihyyun Lim,&nbsp;<\/strong>arquiteta, estrategista de inova\u00e7\u00e3o e l\u00edder do projeto Civic Design Initiative no MIT|&nbsp;<strong>Pr\u00e9dios que respiram e t\u00eanis responsivos: como mudaremos a forma de fazer e usar as coisas<\/strong><\/p>\n\n\n\n<p><strong>Christopher Maurer,&nbsp;<\/strong>arquiteto com experi\u00eancia em projetos humanit\u00e1rios. Trabalha hoje com a Nasa para desenvolver uma arquitetura viva que possa crescer fora do planeta|<strong>&nbsp;Pr\u00e9dios que respiram e t\u00eanis responsivos: como mudaremos a forma de fazer e usar as coisas<\/strong><\/p>\n\n\n\n<p><strong>Andrea Piccolo:&nbsp;<\/strong>gerente e designer com ampla experi\u00eancia em design aplicado a ambientes digitais e f\u00edsicos|<strong>Pr\u00e9dios que respiram e t\u00eanis responsivos: como mudaremos a forma de fazer e usar as coisas<\/strong><\/p>\n\n\n\n<p><strong>Hugo Mendes,&nbsp;<\/strong>s\u00f3cio da Biotecam<strong>,&nbsp;<\/strong>startup focada em solu\u00e7\u00f5es sustent\u00e1veis e no desenvolvimento de tecnologias voltadas para a recupera\u00e7\u00e3o ambiental<strong>| Tecidos cultivados: como a biotecnologia transformar\u00e1 os produtos t\u00eaxteis<\/strong><\/p>\n\n\n\n<p><strong>K\u00e1tia Vega,&nbsp;<\/strong>professora assistente de Design da Universidade da Calif\u00f3rnia. Tamb\u00e9m j\u00e1 foi premiada pelo SXSW, maior festival de tecnologia do mundo:&nbsp;<strong>A tecnologia replicar\u00e1, incrementar\u00e1 e\/ou romper\u00e1 com a vida como conhecemos?<\/strong><\/p>\n\n\n\n<p><strong>Thiago Toshio,&nbsp;<\/strong>produtor de conte\u00fado imersivo<strong>,&nbsp;<\/strong>produziu e editou clipes com a tecnologia imersiva (360V\u00eddeo) para artistas como NXZero, Natiruts e Alok:&nbsp;<strong>A tecnologia replicar\u00e1, incrementar\u00e1 e\/ou romper\u00e1 com a vida como conhecemos?<\/strong><\/p>\n\n\n\n<p><strong>Andr\u00e9 Magneli,&nbsp;<\/strong>fil\u00f3sofo eidealizador do Ateli\u00ea de Humanidades\u200b:&nbsp;<strong>A tecnologia replicar\u00e1, incrementar\u00e1 e\/ou romper\u00e1 com a vida como conhecemos?<\/strong><\/p>\n\n\n\n<p>&nbsp;<strong>27\/11, Dia 4<\/strong><\/p>\n\n\n\n<p><strong>Oficinas pagas<\/strong><\/p>\n\n\n\n<p><strong>&nbsp;Servitiza\u00e7\u00e3o de produtos:<\/strong>&nbsp;adaptando seu neg\u00f3cio para inovar e conquistar clientes<\/p>\n\n\n\n<p>&nbsp;<strong>Jogo Futuros Poss\u00edveis<\/strong>: construindo cen\u00e1rios<\/p>\n\n\n\n<p>&nbsp;<strong>Design Circular:&nbsp;<\/strong>como equilibrar efici\u00eancia de recursos com oportunidades para ganhar mais?<\/p>\n\n\n\n<p>&nbsp;<strong>Gest\u00e3o \u00e1gil:<\/strong>&nbsp;defina a estrat\u00e9gia do seu neg\u00f3cio de maneira \u00e1gil usando OKR<\/p>\n\n\n\n<p><strong>Jogo Futuros Poss\u00edveis:<\/strong>&nbsp;Construindo cen\u00e1rios<\/p>\n\n\n\n<p><strong>Atividades gratuitas<\/strong><\/p>\n\n\n\n<p>\u200b<strong>Fab Storming:&nbsp;<\/strong>Como as tecnologias de fabrica\u00e7\u00e3o digital podem transformar as empresas<\/p>\n\n\n\n<p>\u200b<strong>Microsofot Power Bi:<\/strong>&nbsp;agilidade na tomada de decis\u00e3o com dashboards<\/p>\n","protected":false},"excerpt":{"rendered":"<p>Com palestras e atividades gratuitas, evento on-line acontece de 24 a 27 de novembro e<\/p>\n","protected":false},"author":2,"featured_media":6384,"comment_status":"open","ping_status":"open","sticky":false,"template":"","format":"standard","meta":{"footnotes":""},"categories":[17],"tags":[],"class_list":["post-6383","post","type-post","status-publish","format-standard","has-post-thumbnail","hentry","category-outras-noticias"],"_links":{"self":[{"href":"https:\/\/tvc16.com\/portal\/wp-json\/wp\/v2\/posts\/6383","targetHints":{"allow":["GET"]}}],"collection":[{"href":"https:\/\/tvc16.com\/portal\/wp-json\/wp\/v2\/posts"}],"about":[{"href":"https:\/\/tvc16.com\/portal\/wp-json\/wp\/v2\/types\/post"}],"author":[{"embeddable":true,"href":"https:\/\/tvc16.com\/portal\/wp-json\/wp\/v2\/users\/2"}],"replies":[{"embeddable":true,"href":"https:\/\/tvc16.com\/portal\/wp-json\/wp\/v2\/comments?post=6383"}],"version-history":[{"count":1,"href":"https:\/\/tvc16.com\/portal\/wp-json\/wp\/v2\/posts\/6383\/revisions"}],"predecessor-version":[{"id":6385,"href":"https:\/\/tvc16.com\/portal\/wp-json\/wp\/v2\/posts\/6383\/revisions\/6385"}],"wp:featuredmedia":[{"embeddable":true,"href":"https:\/\/tvc16.com\/portal\/wp-json\/wp\/v2\/media\/6384"}],"wp:attachment":[{"href":"https:\/\/tvc16.com\/portal\/wp-json\/wp\/v2\/media?parent=6383"}],"wp:term":[{"taxonomy":"category","embeddable":true,"href":"https:\/\/tvc16.com\/portal\/wp-json\/wp\/v2\/categories?post=6383"},{"taxonomy":"post_tag","embeddable":true,"href":"https:\/\/tvc16.com\/portal\/wp-json\/wp\/v2\/tags?post=6383"}],"curies":[{"name":"wp","href":"https:\/\/api.w.org\/{rel}","templated":true}]}}