{"id":6392,"date":"2020-11-23T12:59:47","date_gmt":"2020-11-23T15:59:47","guid":{"rendered":"https:\/\/tvc16.com\/portal\/?p=6392"},"modified":"2020-11-23T12:59:49","modified_gmt":"2020-11-23T15:59:49","slug":"hemocentros-realizam-acoes-em-homenagem-ao-dia-nacional-do-doador-de-sangue","status":"publish","type":"post","link":"https:\/\/tvc16.com\/portal\/2020\/11\/23\/hemocentros-realizam-acoes-em-homenagem-ao-dia-nacional-do-doador-de-sangue\/","title":{"rendered":"Hemocentros realizam a\u00e7\u00f5es em homenagem ao Dia Nacional do Doador de Sangue"},"content":{"rendered":"\n<p>Segundo o Minist\u00e9rio da Sa\u00fade, 1,8% da popula\u00e7\u00e3o doa sangue de forma regular. Para a Organiza\u00e7\u00e3o Pan-Americana de Sa\u00fade (Opas), o ideal \u00e9 que esse n\u00famero chegue a 2%<\/p>\n\n\n\n<p>A partir desta segunda-feira (23), hemocentros de todo o Pa\u00eds se unem para fazer parte da campanha \u2018Somos todos do mesmo sangue\u2019. A iniciativa \u00e9 uma homenagem ao Dia Nacional do Doador de Sangue, comemorado no dia 25 novembro.<br>O objetivo da a\u00e7\u00e3o \u00e9 destacar a relev\u00e2ncia desse gesto, principalmente durante a pandemia, j\u00e1 que neste per\u00edodo foi registrado uma redu\u00e7\u00e3o de at\u00e9 50% no n\u00famero de doa\u00e7\u00f5es em determinadas regi\u00f5es.<\/p>\n\n\n\n<p>No Rio de Janeiro, por exemplo, pela primeira vez o monumento do Cristo Redentor vai representar uma grande bolsa de sangue. A est\u00e1tua ser\u00e1 iluminada na cor vermelha progressivamente nos dias 23, 24 e 25 deste m\u00eas, sempre das 19h \u00e0s 20h.<\/p>\n\n\n\n<p>O reitor do Santu\u00e1rio Cristo Redentor, Padre Omar, afirma que o intuito dessa ilumina\u00e7\u00e3o \u00e9 \u201creconhecer a import\u00e2ncia daqueles que j\u00e1 s\u00e3o doadores de sangue e incentivar aqueles que ainda n\u00e3o se tornaram doadores a darem esse passo, para que haja o constante abastecimento dos bancos de sangue.\u201d<\/p>\n\n\n\n<p><a href=\"https:\/\/brasil61.com\/noticias\/brasil-esta-analisando-casos-suspeitos-de-reinfeccao-por-covid-19-bras202668\"><strong>Brasil est\u00e1 analisando casos suspeitos de reinfec\u00e7\u00e3o por Covid-19<\/strong><\/a><\/p>\n\n\n\n<p><a href=\"https:\/\/brasil61.com\/noticias\/rio-de-janeiro-amplia-oferta-de-leitos-destinados-ao-tratamento-da-covid-19-bras202696\"><strong>Rio de Janeiro amplia oferta de leitos destinados ao tratamento da Covid-19<\/strong><\/a><\/p>\n\n\n\n<p>A ideia \u00e9 que cada hemocentro desenvolva a\u00e7\u00f5es locais com os doadores para incentivar a participa\u00e7\u00e3o. Segundo o <a href=\"https:\/\/www.gov.br\/saude\/pt-br\">Minist\u00e9rio da Sa\u00fade<\/a>, 1,8% da popula\u00e7\u00e3o doa sangue de forma regular. Para a Organiza\u00e7\u00e3o Pan-Americana de Sa\u00fade <a href=\"https:\/\/www.paho.org\/bra\/index.php?option=com_content&amp;view=article&amp;id=885:opas-oms-no-brasil&amp;Itemid=672\">(Opas)<\/a>, o ideal \u00e9 que esse n\u00famero chegue a 2%.<\/p>\n\n\n\n<p>Fonte: <a href=\"https:\/\/brasil61.com\/noticias\/hemocentros-realizam-acoes-em-homenagem-ao-dia-nacional-do-doador-de-sangue-bras202716?email=bethdeoliveira@yahoo.com.br&amp;utm_source=newsletter&amp;utm_medium=newsletter&amp;utm_campaign=newsletter\" target=\"_blank\" rel=\"noreferrer noopener\">Brasil 61<\/a><\/p>\n","protected":false},"excerpt":{"rendered":"<p>Segundo o Minist\u00e9rio da Sa\u00fade, 1,8% da popula\u00e7\u00e3o doa sangue de forma regular. Para a<\/p>\n","protected":false},"author":2,"featured_media":6393,"comment_status":"open","ping_status":"open","sticky":false,"template":"","format":"standard","meta":{"footnotes":""},"categories":[13],"tags":[],"class_list":["post-6392","post","type-post","status-publish","format-standard","has-post-thumbnail","hentry","category-saude"],"_links":{"self":[{"href":"https:\/\/tvc16.com\/portal\/wp-json\/wp\/v2\/posts\/6392","targetHints":{"allow":["GET"]}}],"collection":[{"href":"https:\/\/tvc16.com\/portal\/wp-json\/wp\/v2\/posts"}],"about":[{"href":"https:\/\/tvc16.com\/portal\/wp-json\/wp\/v2\/types\/post"}],"author":[{"embeddable":true,"href":"https:\/\/tvc16.com\/portal\/wp-json\/wp\/v2\/users\/2"}],"replies":[{"embeddable":true,"href":"https:\/\/tvc16.com\/portal\/wp-json\/wp\/v2\/comments?post=6392"}],"version-history":[{"count":1,"href":"https:\/\/tvc16.com\/portal\/wp-json\/wp\/v2\/posts\/6392\/revisions"}],"predecessor-version":[{"id":6394,"href":"https:\/\/tvc16.com\/portal\/wp-json\/wp\/v2\/posts\/6392\/revisions\/6394"}],"wp:featuredmedia":[{"embeddable":true,"href":"https:\/\/tvc16.com\/portal\/wp-json\/wp\/v2\/media\/6393"}],"wp:attachment":[{"href":"https:\/\/tvc16.com\/portal\/wp-json\/wp\/v2\/media?parent=6392"}],"wp:term":[{"taxonomy":"category","embeddable":true,"href":"https:\/\/tvc16.com\/portal\/wp-json\/wp\/v2\/categories?post=6392"},{"taxonomy":"post_tag","embeddable":true,"href":"https:\/\/tvc16.com\/portal\/wp-json\/wp\/v2\/tags?post=6392"}],"curies":[{"name":"wp","href":"https:\/\/api.w.org\/{rel}","templated":true}]}}