{"id":6395,"date":"2020-11-23T13:03:24","date_gmt":"2020-11-23T16:03:24","guid":{"rendered":"https:\/\/tvc16.com\/portal\/?p=6395"},"modified":"2020-11-23T13:03:27","modified_gmt":"2020-11-23T16:03:27","slug":"pela-primeira-vez-em-formato-on-line-mundo-senai-mostra-o-dia-a-dia-da-industria","status":"publish","type":"post","link":"https:\/\/tvc16.com\/portal\/2020\/11\/23\/pela-primeira-vez-em-formato-on-line-mundo-senai-mostra-o-dia-a-dia-da-industria\/","title":{"rendered":"Pela primeira vez em formato on-line, Mundo SENAI mostra o dia a dia da ind\u00fastria"},"content":{"rendered":"\n<p>Constru\u00e7\u00e3o civil\u00a0com sustentabilidade, automa\u00e7\u00e3o residencial, rob\u00f3tica e constru\u00e7\u00e3o de drone \u2013 da modelagem ao desenvolvimento do prot\u00f3tipo. Esses e outros s\u00e3o conhecimentos de alguns cursos t\u00e9cnicos da Firjan SENAI e fazem parte da programa\u00e7\u00e3o do Mundo SENAI 2020, evento no qual as unidades da institui\u00e7\u00e3o em todo o Brasil abrem as portas para mostrar um pouco do que t\u00eam a oferecer em suas instala\u00e7\u00f5es e como os alunos s\u00e3o preparados para atuar no mercado de trabalho. A s\u00e9rie de palestras que apresenta o dia a dia da ind\u00fastria \u00e9 gratuita e ser\u00e1 realizada nesta sexta-feira (27\/11), das 10h \u00e0s 16h35,\u00a0pela primeira vez em formato on-line, com a participa\u00e7\u00e3o de especialistas da federa\u00e7\u00e3o e profissionais do mercado. \u00a0<\/p>\n\n\n\n<p>\u201cO evento \u00e9 uma excelente chance para os interessados conhecerem a estrutura da Firjan SENAI e verem o quanto as tem\u00e1ticas de nossos cursos t\u00e9cnicos est\u00e3o alinhadas com as demandas do mercado\u201d, detalha Fernando Pinto, coordenador t\u00e9cnico de Educa\u00e7\u00e3o Profissional e Certifica\u00e7\u00e3o da Firjan SENAI, que defende o formato on-line: \u201cN\u00e3o teremos as feiras e visitas presenciais. Mas o uso da tecnologia, \u00e0 semelhan\u00e7a do que ocorre com os cursos a dist\u00e2ncia, permite um alcance muito maior de p\u00fablico, que tem acesso ao conte\u00fado sem sair de casa\u201d. &nbsp;<\/p>\n\n\n\n<p>O evento promover\u00e1 aulas sobre diversos&nbsp;temas atuais da ind\u00fastria, tais como \u201cAutoma\u00e7\u00e3o na mec\u00e2nica: novas compet\u00eancias profissionais\u201d; \u201cOtimiza\u00e7\u00e3o de processos: da educa\u00e7\u00e3o \u00e0 manuten\u00e7\u00e3o industrial\u201d; e \u201cLog\u00edstica como \u00e1rea estrat\u00e9gica para o mercado frente \u00e0s incertezas da&nbsp;pandemia\u201d, entre outros.&nbsp;<\/p>\n\n\n\n<p>Primeira institui\u00e7\u00e3o educacional a oferecer um espa\u00e7o no formato FabLab (laborat\u00f3rio de fabrica\u00e7\u00e3o digital), em sua unidade de Benfica, em 2014, a Firjan SENAI hoje conta com nove laborat\u00f3rios de prototipagem do g\u00eanero em sua rede, espalhados pelo estado. No Mundo SENAI ser\u00e1 exibida parte da tecnologia dispon\u00edvel nesses espa\u00e7os de&nbsp;inova\u00e7\u00e3o para a educa\u00e7\u00e3o, que&nbsp;contam com impressoras 3D, cortadoras a laser, scanners e softwares variados. A programa\u00e7\u00e3o inclui depoimentos de alunos de cursos t\u00e9cnicos que usaram o FabLab e intera\u00e7\u00e3o com o p\u00fablico por meio de perguntas.&nbsp;<\/p>\n\n\n\n<p>\u201cH\u00e1 in\u00fameras vantagens nos cursos t\u00e9cnicos da Firjan SENAI, cujos certificados t\u00eam reconhecimento de peso no mercado. As aulas s\u00e3o mediadas com tecnologia e contam com simuladores e softwares aplicados nas pr\u00f3prias ind\u00fastrias de hoje\u201d, explica o coordenador t\u00e9cnico.&nbsp;<\/p>\n\n\n\n<p>Os participantes do Mundo SENAI que cadastrarem seu contato no formul\u00e1rio disponibilizado no YouTube da Firjan ter\u00e3o desconto de 50% na primeira parcela dos cursos t\u00e9cnicos EaD oferecidos pela institui\u00e7\u00e3o em 2021, para matr\u00edculas realizadas at\u00e9 18\/12. As aulas ter\u00e3o in\u00edcio em fevereiro. O desconto, exclusivo para os cursos t\u00e9cnicos da Firjan SENAI no Rio de Janeiro, \u00e9 v\u00e1lido para todo o estado.<\/p>\n\n\n\n<p>Mais informa\u00e7\u00f5es sobre inscri\u00e7\u00f5es e a programa\u00e7\u00e3o completa do evento\u00a0<a rel=\"noreferrer noopener\" target=\"_blank\" href=\"https:\/\/nam02.safelinks.protection.outlook.com\/?url=https%3A%2F%2Ffirjansenai.com.br%2Fcursorio%2Fprojetos%2Fmundo-senai&amp;data=04%7C01%7Clearibeiro%40firjan.com.br%7C1858aba06e6746ad316b08d88cc48dbd%7Cd0c698d4e4ea4ee9a79df2d7a78399c8%7C0%7C0%7C637414123283491967%7CUnknown%7CTWFpbGZsb3d8eyJWIjoiMC4wLjAwMDAiLCJQIjoiV2luMzIiLCJBTiI6Ik1haWwiLCJXVCI6Mn0%3D%7C1000&amp;sdata=6G72MkMKg3jWVU8E4QF11cK6LMfU19s2ZMI9pcwqUQo%3D&amp;reserved=0\">https:\/\/firjansenai.com.br\/cursorio\/projetos\/mundo-senai<\/a>\u00a0<\/p>\n\n\n\n<figure class=\"wp-block-image size-large\"><img loading=\"lazy\" decoding=\"async\" width=\"1024\" height=\"683\" src=\"https:\/\/tvc16.com\/portal\/wp-content\/uploads\/2020\/11\/O-aluno-Gabriel-Athayde-do-curso-tecnico-Redes-de-Computadores-no-FabLab-Firjan-SENAI-Jacarepagua-Foto-Vinicius-Magalhaes-12.jpg\" alt=\"\" class=\"wp-image-6396\" srcset=\"https:\/\/tvc16.com\/portal\/wp-content\/uploads\/2020\/11\/O-aluno-Gabriel-Athayde-do-curso-tecnico-Redes-de-Computadores-no-FabLab-Firjan-SENAI-Jacarepagua-Foto-Vinicius-Magalhaes-12.jpg 1024w, https:\/\/tvc16.com\/portal\/wp-content\/uploads\/2020\/11\/O-aluno-Gabriel-Athayde-do-curso-tecnico-Redes-de-Computadores-no-FabLab-Firjan-SENAI-Jacarepagua-Foto-Vinicius-Magalhaes-12-300x200.jpg 300w, https:\/\/tvc16.com\/portal\/wp-content\/uploads\/2020\/11\/O-aluno-Gabriel-Athayde-do-curso-tecnico-Redes-de-Computadores-no-FabLab-Firjan-SENAI-Jacarepagua-Foto-Vinicius-Magalhaes-12-768x512.jpg 768w, https:\/\/tvc16.com\/portal\/wp-content\/uploads\/2020\/11\/O-aluno-Gabriel-Athayde-do-curso-tecnico-Redes-de-Computadores-no-FabLab-Firjan-SENAI-Jacarepagua-Foto-Vinicius-Magalhaes-12-900x600.jpg 900w\" sizes=\"auto, (max-width: 1024px) 100vw, 1024px\" \/><\/figure>\n","protected":false},"excerpt":{"rendered":"<p>Constru\u00e7\u00e3o civil\u00a0com sustentabilidade, automa\u00e7\u00e3o residencial, rob\u00f3tica e constru\u00e7\u00e3o de drone \u2013 da modelagem ao desenvolvimento<\/p>\n","protected":false},"author":2,"featured_media":6397,"comment_status":"open","ping_status":"open","sticky":false,"template":"","format":"standard","meta":{"footnotes":""},"categories":[19],"tags":[],"class_list":["post-6395","post","type-post","status-publish","format-standard","has-post-thumbnail","hentry","category-educacao"],"_links":{"self":[{"href":"https:\/\/tvc16.com\/portal\/wp-json\/wp\/v2\/posts\/6395","targetHints":{"allow":["GET"]}}],"collection":[{"href":"https:\/\/tvc16.com\/portal\/wp-json\/wp\/v2\/posts"}],"about":[{"href":"https:\/\/tvc16.com\/portal\/wp-json\/wp\/v2\/types\/post"}],"author":[{"embeddable":true,"href":"https:\/\/tvc16.com\/portal\/wp-json\/wp\/v2\/users\/2"}],"replies":[{"embeddable":true,"href":"https:\/\/tvc16.com\/portal\/wp-json\/wp\/v2\/comments?post=6395"}],"version-history":[{"count":1,"href":"https:\/\/tvc16.com\/portal\/wp-json\/wp\/v2\/posts\/6395\/revisions"}],"predecessor-version":[{"id":6398,"href":"https:\/\/tvc16.com\/portal\/wp-json\/wp\/v2\/posts\/6395\/revisions\/6398"}],"wp:featuredmedia":[{"embeddable":true,"href":"https:\/\/tvc16.com\/portal\/wp-json\/wp\/v2\/media\/6397"}],"wp:attachment":[{"href":"https:\/\/tvc16.com\/portal\/wp-json\/wp\/v2\/media?parent=6395"}],"wp:term":[{"taxonomy":"category","embeddable":true,"href":"https:\/\/tvc16.com\/portal\/wp-json\/wp\/v2\/categories?post=6395"},{"taxonomy":"post_tag","embeddable":true,"href":"https:\/\/tvc16.com\/portal\/wp-json\/wp\/v2\/tags?post=6395"}],"curies":[{"name":"wp","href":"https:\/\/api.w.org\/{rel}","templated":true}]}}