{"id":6399,"date":"2020-11-23T13:06:49","date_gmt":"2020-11-23T16:06:49","guid":{"rendered":"https:\/\/tvc16.com\/portal\/?p=6399"},"modified":"2020-11-23T13:06:51","modified_gmt":"2020-11-23T16:06:51","slug":"projeto-pretende-dar-mais-autonomia-aos-municipios-na-delimitacao-das-areas-de-preservacao-permanente-em-areas-urbanas","status":"publish","type":"post","link":"https:\/\/tvc16.com\/portal\/2020\/11\/23\/projeto-pretende-dar-mais-autonomia-aos-municipios-na-delimitacao-das-areas-de-preservacao-permanente-em-areas-urbanas\/","title":{"rendered":"Projeto pretende dar mais autonomia aos munic\u00edpios na delimita\u00e7\u00e3o das \u00e1reas de preserva\u00e7\u00e3o permanente em \u00e1reas urbanas"},"content":{"rendered":"\n<p>Munic\u00edpios do Rio Grande do Sul podem se beneficiar com a proposta, uma vez que legisla\u00e7\u00e3o atual n\u00e3o traz seguran\u00e7a jur\u00eddica e desconsidera particularidades dos munic\u00edpios<\/p>\n\n\n\n<p>Parado na <a href=\"https:\/\/legis.senado.leg.br\/comissoes\/comissao?0&amp;codcol=50\">Comiss\u00e3o de Meio Ambiente (CMA)<\/a> desde junho do ano passado, o Projeto de Lei do Senado <a href=\"https:\/\/legis.senado.leg.br\/sdleg-getter\/documento?dm=3973260&amp;ts=1594012086157&amp;disposition=inline\">(PLS) 368\/2012<\/a> ainda n\u00e3o tem data para ser votado. A proposta d\u00e1 autonomia aos munic\u00edpios para determinar a largura da \u00c1rea de Preserva\u00e7\u00e3o Permanente (APP) no entorno dos cursos d\u2019\u00e1gua em espa\u00e7os urbanos. No Rio Grande do Sul, apenas a capital Porto Alegre, por exemplo, conta com uma extens\u00e3o de 80,05 km\u00b2 de \u00e1reas de preserva\u00e7\u00e3o permanente (APPs) em zonas urbanas.&nbsp;<br>&nbsp;<br>De autoria da senadora Ana Am\u00e9lia (PP\/RS), o texto pretende alterar o <a href=\"http:\/\/www.planalto.gov.br\/ccivil_03\/_ato2011-2014\/2012\/lei\/l12651.htm\">novo C\u00f3digo Florestal <\/a>(Lei n\u00ba 12.651), estabelecendo que o tamanho m\u00ednimo da \u00e1rea de vegeta\u00e7\u00e3o ao longo de rios e c\u00f3rregos ou no entorno de lagoas, nas \u00e1reas urbanas, seja atribui\u00e7\u00e3o dos Planos Diretores e Leis Municipais de Uso do Solo. O projeto ressalta que os Conselhos Estaduais e Municipais de Meio Ambiente devem ser ouvidos na delimita\u00e7\u00e3o das APPs e que a decis\u00e3o respeite o plano de defesa civil local.<br>&nbsp;<br>Segundo o deputado federal Alceu Moreira (MDB\/RS), o projeto de lei \u00e9 positivo, uma vez que permite que as \u00e1reas de preserva\u00e7\u00e3o permanente sejam adequadas \u00e0 realidade de cada munic\u00edpio. \u201cA norma legal das APPs para os centros urbanos \u00e9 completamente inadequada, porque os centros urbanos, os seus c\u00f3rregos e suas ocupa\u00e7\u00f5es j\u00e1 existiam antes da pr\u00f3pria lei. S\u00e3o \u00e1reas consolidadas. O que temos de fazer \u00e9 termos formas criativas legais para transformar essa ocupa\u00e7\u00e3o mais ordenada e segura poss\u00edvel, sempre observando a lei do menor dano ambiental\u201d, avalia.&nbsp;<br>&nbsp;<br>O parlamentar afirma que o modelo de legisla\u00e7\u00e3o vigente \u00e9 muito r\u00edgido e prejudica o desenvolvimento e bem-estar dos moradores das cidades. \u201cH\u00e1 moradias que est\u00e3o se deteriorando, com dificuldade para ser mantidas e elas s\u00f3 podem ser reformadas, porque se forem demolidas, n\u00e3o \u00e9 poss\u00edvel reconstruir no mesmo lugar\u201d, explica.<br>&nbsp;<br>\u201cA gente n\u00e3o pode imaginar que as pessoas e as casas delas s\u00e3o m\u00f3veis. Elas s\u00e3o im\u00f3veis. As pessoas n\u00e3o moram \u00e0s margens da cidade porque elas querem. \u00c9 porque a cidade centrifugou a pobreza por n\u00e3o dar lugar para morar\u201d, complementa.<\/p>\n\n\n\n<h2 class=\"wp-block-heading\"><img decoding=\"async\" alt=\"Arte: Brasil 61\" src=\"\/\/s3-sa-east-1.amazonaws.com\/agencia-radio-arb\/3181\/content_APPS.jpeg\"><br>&nbsp;<br>Respeito \u00e0s particularidades<\/h2>\n\n\n\n<p>Atualmente, a legisla\u00e7\u00e3o imp\u00f5e as mesmas regras para manuten\u00e7\u00e3o da vegeta\u00e7\u00e3o nativa de \u00e1reas de preserva\u00e7\u00e3o permanente, tanto em \u00e1reas rurais quanto em espa\u00e7os urbanos. A extens\u00e3o de uma APP varia de acordo com a largura do curso d\u2019\u00e1gua. A faixa m\u00ednima de prote\u00e7\u00e3o s\u00e3o 30 metros de largura. No entendimento da autora do projeto de lei, a defini\u00e7\u00e3o n\u00e3o leva em conta as \u201cparticularidades\u201d de cada munic\u00edpio, o que seria um obst\u00e1culo para o desenvolvimento das cidades.<br>&nbsp;<br>Quem \u00e9 favor\u00e1vel \u00e0 aprova\u00e7\u00e3o do projeto defende que cada gest\u00e3o municipal conhece melhor o seu tipo de solo, regime de chuvas, grau de ocupa\u00e7\u00e3o, tend\u00eancia de urbaniza\u00e7\u00e3o e outros fatores para definir a cobertura mais adequada das \u00e1reas de preserva\u00e7\u00e3o associadas aos c\u00f3rregos, lagoas e rios nas cidades. Hoje, a regra \u00e9 uniforme, de Norte a Sul do Pa\u00eds.<br>&nbsp;<br>Relator do projeto na CMA, o senador Eduardo Braga (MDB\/AM) prop\u00f5e uma emenda ao texto-base para tornar facultativa e n\u00e3o obrigat\u00f3ria a responsabilidade dos munic\u00edpios para delimitarem as \u00e1reas de preserva\u00e7\u00e3o permanente.<br>&nbsp;<br>Segundo Karlos Gomes, especialista em direito p\u00fablico, o c\u00f3digo florestal \u00e9 muito abrangente e n\u00e3o leva em conta as diferen\u00e7as entre cada munic\u00edpio, o que poderia ser aperfei\u00e7oado com uma legisla\u00e7\u00e3o mais flex\u00edvel. \u201cO projeto \u00e9 muito importante, uma vez que s\u00e3o as autoridades municipais que sabem e t\u00eam ci\u00eancia das demandas daquele munic\u00edpio, de como devem balancear o crescimento urbano com a preserva\u00e7\u00e3o ambiental\u201d, acredita.&nbsp;<br>&nbsp;<br>Uma lei mais adequada \u00e0 realidade local, por\u00e9m, deve vir acompanhada de mecanismos de fiscaliza\u00e7\u00e3o, segundo ele, com o objetivo de evitar avan\u00e7os ilegais sobre as \u00e1reas de preserva\u00e7\u00e3o permanente. &nbsp;\u201cO desenvolvimento dessas cidades \u00e9 muito importante, mas os prefeitos devem ter consci\u00eancia ambiental, sabendo que o crescimento e a industrializa\u00e7\u00e3o daquele munic\u00edpio n\u00e3o podem afetar o meio ambiente como um todo, porque isso traz preju\u00edzos n\u00e3o s\u00f3 para a popula\u00e7\u00e3o daquele munic\u00edpio\u201d, aponta.<\/p>\n\n\n\n<p><strong><a href=\"https:\/\/brasil61.com\/noticias\/em-painel-que-antecede-forum-amazonia-21-participantes-debatem-papel-das-cidades-no-desenvolvimento-sustentavel-da-amazonia-pind202219\">Em painel que antecede F\u00f3rum Amaz\u00f4nia+21, participantes debatem papel das cidades no desenvolvimento sustent\u00e1vel da Amaz\u00f4nia<\/a><\/strong><\/p>\n\n\n\n<h2 class=\"wp-block-heading\">Tramita\u00e7\u00e3o<\/h2>\n\n\n\n<p>Aprovado nas comiss\u00f5es de Constitui\u00e7\u00e3o e Justi\u00e7a (CCJ) e de Agricultura e Reforma Agr\u00e1ria (CRA), o PLS aguarda a aprecia\u00e7\u00e3o do parecer do relator na CMA. Caso os parlamentares deem o sinal verde para a proposta, ela segue direto para a C\u00e2mara dos Deputados, sem a necessidade de passar pelo Plen\u00e1rio do Senado.<\/p>\n\n\n\n<p>Fonte: <a href=\"https:\/\/brasil61.com\/noticias\/projeto-pretende-dar-mais-autonomia-aos-municipios-na-delimitacao-das-areas-de-preservacao-permanente-em-areas-urbanas-pind202269?email=bethdeoliveira@yahoo.com.br&amp;utm_source=email_individual&amp;utm_medium=email_individual&amp;utm_campaign=email_individual\" target=\"_blank\" rel=\"noreferrer noopener\">Brasil 61<\/a><\/p>\n","protected":false},"excerpt":{"rendered":"<p>Munic\u00edpios do Rio Grande do Sul podem se beneficiar com a proposta, uma vez que<\/p>\n","protected":false},"author":2,"featured_media":6401,"comment_status":"open","ping_status":"open","sticky":false,"template":"","format":"standard","meta":{"footnotes":""},"categories":[17],"tags":[],"class_list":["post-6399","post","type-post","status-publish","format-standard","has-post-thumbnail","hentry","category-outras-noticias"],"_links":{"self":[{"href":"https:\/\/tvc16.com\/portal\/wp-json\/wp\/v2\/posts\/6399","targetHints":{"allow":["GET"]}}],"collection":[{"href":"https:\/\/tvc16.com\/portal\/wp-json\/wp\/v2\/posts"}],"about":[{"href":"https:\/\/tvc16.com\/portal\/wp-json\/wp\/v2\/types\/post"}],"author":[{"embeddable":true,"href":"https:\/\/tvc16.com\/portal\/wp-json\/wp\/v2\/users\/2"}],"replies":[{"embeddable":true,"href":"https:\/\/tvc16.com\/portal\/wp-json\/wp\/v2\/comments?post=6399"}],"version-history":[{"count":1,"href":"https:\/\/tvc16.com\/portal\/wp-json\/wp\/v2\/posts\/6399\/revisions"}],"predecessor-version":[{"id":6402,"href":"https:\/\/tvc16.com\/portal\/wp-json\/wp\/v2\/posts\/6399\/revisions\/6402"}],"wp:featuredmedia":[{"embeddable":true,"href":"https:\/\/tvc16.com\/portal\/wp-json\/wp\/v2\/media\/6401"}],"wp:attachment":[{"href":"https:\/\/tvc16.com\/portal\/wp-json\/wp\/v2\/media?parent=6399"}],"wp:term":[{"taxonomy":"category","embeddable":true,"href":"https:\/\/tvc16.com\/portal\/wp-json\/wp\/v2\/categories?post=6399"},{"taxonomy":"post_tag","embeddable":true,"href":"https:\/\/tvc16.com\/portal\/wp-json\/wp\/v2\/tags?post=6399"}],"curies":[{"name":"wp","href":"https:\/\/api.w.org\/{rel}","templated":true}]}}