{"id":6404,"date":"2020-11-23T13:11:07","date_gmt":"2020-11-23T16:11:07","guid":{"rendered":"https:\/\/tvc16.com\/portal\/?p=6404"},"modified":"2020-11-23T13:11:10","modified_gmt":"2020-11-23T16:11:10","slug":"especial-covid-19-afinal-o-brasil-ja-esta-passando-pela-segunda-onda-da-doenca","status":"publish","type":"post","link":"https:\/\/tvc16.com\/portal\/2020\/11\/23\/especial-covid-19-afinal-o-brasil-ja-esta-passando-pela-segunda-onda-da-doenca\/","title":{"rendered":"Especial Covid-19: afinal, o Brasil j\u00e1 est\u00e1 passando pela segunda onda da doen\u00e7a?"},"content":{"rendered":"\n<p><\/p>\n\n\n\n<p>A reportagem do Brasil61.com conversou com especialistas que alertaram sobre o relaxamento de medidas de seguran\u00e7a e a politiza\u00e7\u00e3o da doen\u00e7a, que podem ter agravado a situa\u00e7\u00e3o no Pa\u00eds<\/p>\n\n\n\n<p>Desde que foi decretado o in\u00edcio da pandemia, em dezembro do ano passado, o mundo ainda n\u00e3o sabia o que esperar. N\u00e3o s\u00f3 em Wuhan, ber\u00e7o da doen\u00e7a, mas em todo o pa\u00eds chin\u00eas, mais de 86 mil pessoas foram infectadas pela doen\u00e7a at\u00e9 ent\u00e3o desconhecida \u2013 e mais de 4,6 mil perderam a vida at\u00e9 as primeiras semanas de novembro. O n\u00famero parece estrondoso, mas n\u00e3o chega perto das estat\u00edsticas brasileiras. Decretada em mar\u00e7o, a doen\u00e7a j\u00e1 contaminou seis milh\u00f5es de pessoas e tirou do conv\u00edvio de familiares e amigos quase 170 mil. E as proje\u00e7\u00f5es n\u00e3o s\u00e3o nada animadoras: o Brasil j\u00e1 pode estar passando pela segunda onda da doen\u00e7a.&nbsp;<\/p>\n\n\n\n<p>O fen\u00f4meno vem sendo observado em pa\u00edses da Europa, que endureceram mais as regras para tentar conter o v\u00edrus \u2013 diferentemente do observado no nosso Pa\u00eds. A Fran\u00e7a, que adotou medidas rigorosas de isolamento no in\u00edcio, atinge agora a marca de dois milh\u00f5es de infectados, passando pela chamada segunda onda. Na It\u00e1lia, um dos pa\u00edses mais afetados nos primeiros meses de 2020, alcan\u00e7a a triste marca de maior n\u00famero de mortes em sete meses, elevando o total de mortos para cerca de 46,5 mil e o de casos&nbsp;para mais de 1,2 milh\u00e3o (\u00edndice registrado em 18 de novembro).&nbsp;<\/p>\n\n\n\n<figure class=\"wp-block-image\"><img decoding=\"async\" src=\"\/\/s3-sa-east-1.amazonaws.com\/agencia-radio-arb\/3171\/content_Prancheta_1-100_%288%29.jpg\" alt=\"\" title=\"Cria\u00e7\u00e3o: Sabrine Cruz \"\/><\/figure>\n\n\n\n<p>\u201cO que vemos na Europa \u00e9 que foi considerada como vencida essa etapa de epidemia. Os pa\u00edses liberaram as atividades, o ver\u00e3o europeu foi muito bem aproveitado pela popula\u00e7\u00e3o, mas sem os devidos cuidados. Hoje, eles est\u00e3o pagando o pre\u00e7o. Muitos pa\u00edses est\u00e3o adotando o <em>lockdown<\/em> novamente e o n\u00famero de casos tem subido de uma forma bem impressionante, levando em risco at\u00e9 mesmo a capacidade do servi\u00e7o de sa\u00fade de atender a popula\u00e7\u00e3o afetada\u201d, alerta o m\u00e9dico infectologista Hemerson Luz.&nbsp;<\/p>\n\n\n\n<p>Na opini\u00e3o dele, o Brasil ainda nem superou a primeira onda da Covid-19. \u201cA primeira onda ainda n\u00e3o foi sobrepujada, ainda estamos vivendo ela\u2019. Temos uma curva que est\u00e1 descendente, mas o v\u00edrus continua sendo transmitido entre as pessoas. Essa curva descendente vem acompanhada de picos, de momentos com grande n\u00famero de casos, por\u00e9m sem o n\u00famero de \u00f3bitos aumentando\u201d, explica. \u201cE a gente observa caracter\u00edsticas epidemiol\u00f3gicas interessantes, como a popula\u00e7\u00e3o mais jovem sendo afetada atualmente e o preparo maior do sistema de sa\u00fade em atender as pessoas com Covid-19\u201d, avalia.<\/p>\n\n\n\n<p>Para o m\u00e9dico infectologista, o melhor term\u00f4metro para saber se h\u00e1 aumento nos casos ou n\u00e3o \u00e9 pela taxa de ocupa\u00e7\u00e3o nas UTIs. E sobre a segunda onda no Brasil, ele enfatiza. \u201cN\u00e3o acredito que haver\u00e1 segunda onda no Brasil, pois ainda estamos na primeira. Isso tudo vai depender das caracter\u00edsticas epidemiol\u00f3gicas da doen\u00e7a, al\u00e9m de caracter\u00edsticas comportamentais. Se a popula\u00e7\u00e3o n\u00e3o respeitar as regras de distanciamento, m\u00e1scara e higieniza\u00e7\u00e3o das m\u00e3os, certamente poder\u00e1 haver um <em>boom<\/em> de casos no Brasil e a\u00ed sim poderemos considerar uma segunda onda ocorrendo.\u201d&nbsp;<\/p>\n\n\n\n<figure class=\"wp-block-image\"><img decoding=\"async\" src=\"\/\/s3-sa-east-1.amazonaws.com\/agencia-radio-arb\/3172\/content_covid-mundo.png\" alt=\"\" title=\"Cria\u00e7\u00e3o: \u00c9rica Passos\"\/><\/figure>\n\n\n\n<p>O epidemiologista da Universidade de Bras\u00edlia (UnB) Walter Ramalho compartilha de opini\u00e3o semelhante. Para ele, a segunda onda \u00e9 uma realidade na Europa, com a abertura recente do com\u00e9rcio e da libera\u00e7\u00e3o das atividades e do turismo. \u201cEm alguns pa\u00edses, foi um n\u00famero maior do que o que foi registrado no come\u00e7o da pandemia\u201d, afirma.&nbsp;<\/p>\n\n\n\n<p>Mas, para ele, o Brasil ainda passa por uma \u201conda inacabada\u201d da doen\u00e7a. \u201cO que vivemos hoje \u00e9 o cont\u00e1gio de grupos sociais que se protegeram, que estavam reclusos e que puderam fazer <em>lockdown<\/em>. E hoje essas pessoas est\u00e3o achando que n\u00e3o existe mais risco\u201d, lamenta. &nbsp;<\/p>\n\n\n\n<p>\u201cTivemos uma reclus\u00e3o de pessoas que se convenceram da pandemia \u2013 e esse convencimento \u00e9 uma coisa importante. Tivemos, no primeiro momento, um grande impacto de pessoas que n\u00e3o puderam ficar em casa, das que precisaram sair ou daquelas que acreditaram que a Covid-19 era s\u00f3 uma \u2018gripezinha\u2019\u201d, ironiza o epidemiologista da UnB.&nbsp;<\/p>\n\n\n\n<p>Ramalho comenta que essas pessoas foram de alto impacto para a doen\u00e7a e que ela permaneceu nesses grupos sociais por um longo tempo, at\u00e9 que houvesse o esgotamento no cont\u00e1gio. \u201cCom a diminui\u00e7\u00e3o da veicula\u00e7\u00e3o de reportagens sobre o assunto, as pessoas que estavam em casa passaram a acreditar que n\u00e3o havia mais problema e passaram a ir para as ruas, para uma vida quase normal. E essas pessoas est\u00e3o sendo agora as v\u00edtimas da Covid-19\u201d, acrescenta.&nbsp;<\/p>\n\n\n\n<p>Quando o assunto \u00e9 lideran\u00e7a, Walter Ramalho endurece. \u201cAs pessoas precisam ser convencidas de que existe um problema. Por ser um problema na ordem da sa\u00fade, a gente precisa que o ministro da Sa\u00fade fale com a popula\u00e7\u00e3o \u2013 e eu n\u00e3o ou\u00e7o o ministro falando nada. N\u00e3o vejo outra autoridade na sa\u00fade falando sobre a necessidade e os cuidados. Estamos numa sociedade sem lideran\u00e7a oficial, o que temos hoje \u00e9 a imprensa notificando e sensibilizando as pessoas mostrando o que existe na realidade\u201d, critica.&nbsp;<\/p>\n\n\n\n<figure class=\"wp-block-image\"><img decoding=\"async\" src=\"\/\/s3-sa-east-1.amazonaws.com\/agencia-radio-arb\/3173\/content_Olhojalila.png\" alt=\"\" title=\"Cria\u00e7\u00e3o: Sabrine Cruz \"\/><\/figure>\n\n\n\n<h2 class=\"wp-block-heading\">Onda gigante&nbsp;<\/h2>\n\n\n\n<p>J\u00e1 para o pesquisador e respons\u00e1vel pelo Laborat\u00f3rio de Intelig\u00eancia em Sa\u00fade (LIS) da Faculdade de Medicina da Universidade de S\u00e3o Paulo (USP), Domingos Alves, o Brasil est\u00e1, sim, passando por uma segunda onda da Covid-19.&nbsp;<\/p>\n\n\n\n<p>\u201cSe levarmos em considera\u00e7\u00e3o o atual cen\u00e1rio, n\u00f3s nunca sa\u00edmos da primeira onda. Tivemos declina\u00e7\u00e3o de casos e de \u00f3bitos que vinham sendo observados. Mas n\u00f3s estamos numa segunda onda \u00e0 revelia do conceito mais claro do que \u00e9 esse fen\u00f4meno. J\u00e1 me chamaram a aten\u00e7\u00e3o de que a defini\u00e7\u00e3o de segunda onda n\u00e3o \u00e9 clara, que eu n\u00e3o poderia estar afirmando isso. E eu estou afirmando que n\u00f3s estamos numa segunda onda exatamente pelo negacionismo em que n\u00f3s vivemos no&nbsp;nosso Pa\u00eds\u201d, dispara.&nbsp;<\/p>\n\n\n\n<p><strong><a href=\"https:\/\/brasil61.com\/noticias\/covid-19-pode-ter-causado-impacto-na-reeleicao-de-alguns-prefeitos-bras202666\" target=\"_blank\" rel=\"noreferrer noopener\">Covid-19 pode ter causado impacto na reelei\u00e7\u00e3o de alguns prefeitos<\/a><\/strong><\/p>\n\n\n\n<p><strong><a href=\"https:\/\/brasil61.com\/noticias\/covid-19-vacina-precisara-de-cuidados-durante-envio-a-estados-e-municipios-bras202647\" target=\"_blank\" rel=\"noreferrer noopener\">Covid-19: Vacina precisar\u00e1 de cuidados durante envio a Estados e Munic\u00edpios<\/a><\/strong><\/p>\n\n\n\n<p>Ele garante que a politiza\u00e7\u00e3o da doen\u00e7a foi um dos&nbsp;determinantes para que o Pa\u00eds chegasse a esse cen\u00e1rio. \u201cEssa atribui\u00e7\u00e3o n\u00e3o \u00e9 leviana, ela j\u00e1 \u00e9 um consenso internacional. A maneira dessas lideran\u00e7as de encarar a epidemia trouxe muitas das consequ\u00eancias observadas no Brasil. Boa parte do que se observou em termos de \u00f3bitos aqui teve muito da&nbsp;participa\u00e7\u00e3o desse negacionismo, dessa politiza\u00e7\u00e3o da doen\u00e7a, inclusive nos embates entre os governos estaduais e o federal\u201d, lembra.&nbsp;<\/p>\n\n\n\n<p>Domingos Alves \u00e9 categ\u00f3rico ao afirmar que s\u00f3 h\u00e1 uma forma de acabar de vez com a pandemia.&nbsp;\u201cAntes de mais nada, \u00e9 importante frisar que todas as medidas adotadas para reduzir a taxa de contato s\u00e3o necess\u00e1rias. E elas nunca foram suficientes. A \u00fanica medida que vai ser suficiente para conter o avan\u00e7o da pandemia vai ser a vacina\u00e7\u00e3o, e a vacina\u00e7\u00e3o em massa.\u201d<\/p>\n\n\n\n<p>Casos subnotificados e queda na testagem da popula\u00e7\u00e3o, na opini\u00e3o do pesquisador, podem ter causado uma falsa impress\u00e3o de que a pandemia acabou. \u201c\u00c9 muito grave n\u00f3s n\u00e3o tomarmos provid\u00eancias agora, com esse crescimento de casos, e esperar que essa \u2018marola\u2019 vire uma onda gigante. E a\u00ed pode acontecer de, daqui a uma ou duas semanas, os gestores tomarem provid\u00eancias e os casos n\u00e3o crescerem de maneira suficiente no Brasil. E a\u00ed v\u00e3o me chamar e dizer: \u2018olha, professor, n\u00e3o entramos numa segunda onda.\u2019 N\u00e3o entramos porque tomamos atitudes, e a\u00ed eu vou estar errado. E vou ter um prazer muito grande de dizer que errei\u201d, garante.<\/p>\n\n\n\n<figure class=\"wp-block-image\"><img decoding=\"async\" src=\"\/\/s3-sa-east-1.amazonaws.com\/agencia-radio-arb\/3174\/content_Prancheta_2-100_%287%29.jpg\" alt=\"\" title=\"Cria\u00e7\u00e3o: Sabrine Cruz\"\/><\/figure>\n\n\n\n<h2 class=\"wp-block-heading\">Economia&nbsp;<\/h2>\n\n\n\n<p>Al\u00e9m do n\u00famero de casos, o Brasil tamb\u00e9m bateu outros recordes: o de n\u00famero de desempregados. Dados do Instituto Brasileiro de Geografia e Estat\u00edstica (IBGE), divulgados ainda em outubro, mostraram que o desemprego bateu recordes no m\u00eas anterior. Foram cerca de 13,5 milh\u00f5es de pessoas sem trabalho na pandemia at\u00e9&nbsp;setembro, 3,4 milh\u00f5es a mais do que o registrado em maio.&nbsp;<\/p>\n\n\n\n<p>Para o economista e presidente do Conselho Regional de Economia do Distrito Federal (Corecon-DF), C\u00e9sar Bergo, a poss\u00edvel segunda onda da Covid-19 pode gerar impactos no setor econ\u00f4mico.&nbsp;<\/p>\n\n\n\n<p>\u201cMas espera-se que sejam menores em raz\u00e3o da experi\u00eancia e do conhecimento que foram obtidos por ocasi\u00e3o do in\u00edcio da pandemia. Muita coisa mudou e foram implementados in\u00fameros procedimentos que v\u00e3o contribuir para minimizar os efeitos\u201d, diz.&nbsp;<\/p>\n\n\n\n<p>Por outro lado, segundo ele, a continuidade da doen\u00e7a gera \u201ccerto des\u00e2nimo\u201d. \u201cN\u00f3s teremos que conviver com isso por um longo tempo. Mas o surgimento de novas formas de combater a Covid-19, quando implantadas, v\u00e3o trazer a esperan\u00e7a de volta e consequentemente voltaremos para uma nova normalidade\u201d, acredita o economista.&nbsp;<\/p>\n\n\n\n<p>O professor da Funda\u00e7\u00e3o Get\u00falio Vargas (FGV) Walter Cintra lembra que uma das poss\u00edveis causas para esse cen\u00e1rio \u00e9 o relaxamento das medidas de isolamento social. \u201cA volta das pessoas se reunindo e a volta das atividades sociais aumentam o cont\u00e1gio entre as pessoas\u201d, avisa.&nbsp;<\/p>\n\n\n\n<p>Entre o embate da passagem do Brasil pela primeira ou segunda onda, Cintra d\u00e1 o recado. \u201cNa verdade, isso pouco importa. O que importa \u00e9 que precisa haver novamente um refor\u00e7o das medidas de conten\u00e7\u00e3o, de isolamento social, de uso de m\u00e1scara, de higieniza\u00e7\u00e3o das m\u00e3os.\u201d &nbsp;&nbsp;<\/p>\n\n\n\n<p>Fonte: <a href=\"https:\/\/brasil61.com\/noticias\/especial-covid-19-afinal-o-brasil-ja-esta-passando-pela-segunda-onda-da-doenca-bras202690?email=bethdeoliveira@yahoo.com.br&amp;utm_source=newsletter&amp;utm_medium=newsletter&amp;utm_campaign=newsletter\" target=\"_blank\" rel=\"noreferrer noopener\">Brasil 61<\/a><\/p>\n","protected":false},"excerpt":{"rendered":"<p>A reportagem do Brasil61.com conversou com especialistas que alertaram sobre o relaxamento de medidas de<\/p>\n","protected":false},"author":2,"featured_media":6405,"comment_status":"open","ping_status":"open","sticky":false,"template":"","format":"standard","meta":{"footnotes":""},"categories":[13],"tags":[],"class_list":["post-6404","post","type-post","status-publish","format-standard","has-post-thumbnail","hentry","category-saude"],"_links":{"self":[{"href":"https:\/\/tvc16.com\/portal\/wp-json\/wp\/v2\/posts\/6404","targetHints":{"allow":["GET"]}}],"collection":[{"href":"https:\/\/tvc16.com\/portal\/wp-json\/wp\/v2\/posts"}],"about":[{"href":"https:\/\/tvc16.com\/portal\/wp-json\/wp\/v2\/types\/post"}],"author":[{"embeddable":true,"href":"https:\/\/tvc16.com\/portal\/wp-json\/wp\/v2\/users\/2"}],"replies":[{"embeddable":true,"href":"https:\/\/tvc16.com\/portal\/wp-json\/wp\/v2\/comments?post=6404"}],"version-history":[{"count":1,"href":"https:\/\/tvc16.com\/portal\/wp-json\/wp\/v2\/posts\/6404\/revisions"}],"predecessor-version":[{"id":6406,"href":"https:\/\/tvc16.com\/portal\/wp-json\/wp\/v2\/posts\/6404\/revisions\/6406"}],"wp:featuredmedia":[{"embeddable":true,"href":"https:\/\/tvc16.com\/portal\/wp-json\/wp\/v2\/media\/6405"}],"wp:attachment":[{"href":"https:\/\/tvc16.com\/portal\/wp-json\/wp\/v2\/media?parent=6404"}],"wp:term":[{"taxonomy":"category","embeddable":true,"href":"https:\/\/tvc16.com\/portal\/wp-json\/wp\/v2\/categories?post=6404"},{"taxonomy":"post_tag","embeddable":true,"href":"https:\/\/tvc16.com\/portal\/wp-json\/wp\/v2\/tags?post=6404"}],"curies":[{"name":"wp","href":"https:\/\/api.w.org\/{rel}","templated":true}]}}