{"id":6410,"date":"2020-11-23T13:15:24","date_gmt":"2020-11-23T16:15:24","guid":{"rendered":"https:\/\/tvc16.com\/portal\/?p=6410"},"modified":"2020-11-23T13:15:28","modified_gmt":"2020-11-23T16:15:28","slug":"governo-federal-economiza-com-teletrabalho-mas-aumenta-os-custos-em-70-no-primeiro-semestre-devido-a-pandemia","status":"publish","type":"post","link":"https:\/\/tvc16.com\/portal\/2020\/11\/23\/governo-federal-economiza-com-teletrabalho-mas-aumenta-os-custos-em-70-no-primeiro-semestre-devido-a-pandemia\/","title":{"rendered":"Governo Federal economiza com teletrabalho, mas aumenta os custos em 70% no primeiro semestre devido a pandemia"},"content":{"rendered":"\n<p>Minist\u00e9rio da Sa\u00fade teve um aumento de 55% nos gastos. Fora essa exce\u00e7\u00e3o, o Poder Executivo registrou diminui\u00e7\u00e3o de 6% nos gastos p\u00fablicos<\/p>\n\n\n\n<p>O primeiro semestre de 2020 foi um dos mais salgados para os cofres p\u00fablicos nos \u00faltimos tempos. De acordo com o boletim <a href=\"https:\/\/sisweb.tesouro.gov.br\/apex\/f?p=2501:9::::9:P9_ID_PUBLICACAO:34924\">Foco em Custos<\/a>, publicado primeira vez pelo Tesouro Nacional, os custos de bens e servi\u00e7os prestados \u00e0 sociedade pelo Governo Federal somaram R$ 1,73 trilh\u00e3o neste per\u00edodo. Um valor <a href=\"https:\/\/agenciabrasil.ebc.com.br\/economia\/noticia\/2020-11\/pandemia-faz-custo-do-governo-federal-crescer-70-no-primeiro-semestre\">70% acima<\/a> do registrado neste mesmo intervalo do ano passado.&nbsp;<\/p>\n\n\n\n<p>Em contrapartida, o <a href=\"https:\/\/tvbrasil.ebc.com.br\/brasil-em-dia\/2020\/11\/governo-economizou-milhoes-com-teletrabalho\">custo de funcionamento <\/a>do Poder Executivo Federal caiu 6% no semestre, com destaque para as quedas de 42% em di\u00e1rias e passagens, 41% em copa e cozinha, 17% em telefonia e 11% em \u00c1gua, Esgoto, Energia, El\u00e9trica e G\u00e1s. Apenas o Minist\u00e9rio da Sa\u00fade, em raz\u00e3o de estar na ponta de frente no enfrentamento a Covid-19, aumentou as despesas de funcionamento em 55%, subindo para R$ 12,73 bilh\u00f5es. De acordo com o doutorando em economia pela Universidade de Bras\u00edlia (UnB), Helder Lara Ferreira Filho, embora positiva, essa conten\u00e7\u00e3o n\u00e3o \u00e9 suficiente para equilibrar as contas.<\/p>\n\n\n\n<p>\u201cEsse impacto no funcionamento presencial \u00e9 claramente importante. N\u00e3o \u00e9 uma coisa negligenci\u00e1vel, mas n\u00e3o \u00e9 t\u00e3o relevante no quadro total do or\u00e7amento. Vamos supor que caso n\u00e3o tivesse havido teletrabalho e que os gastos tivessem sido os mesmos, nosso d\u00e9ficit prim\u00e1rio n\u00e3o seria R$ 780 bilh\u00f5es, seria na verdade R$ 781,5 bilh\u00f5es, ou seja, R$ 1,5 bilh\u00e3o a mais. Claro \u00e9 algo importante, mas n\u00e3o \u00e9 algo que mude a trajet\u00f3ria da d\u00edvida\u201d, analisa.&nbsp;<\/p>\n\n\n\n<p><strong><a href=\"https:\/\/brasil61.com\/noticias\/governo-descarta-auxilio-emergencial-em-2021-e-aposta-em-investimento-de-r-5-73-bilhoes-no-bolsa-familia-bras202632\">Governo descarta Aux\u00edlio Emergencial em 2021 e aposta em investimento de R$5,73 bilh\u00f5es no Bolsa Fam\u00edlia<\/a><\/strong><\/p>\n\n\n\n<p><strong><a href=\"https:\/\/brasil61.com\/noticias\/previsao-de-recuo-do-pib-diminui-entre-setembro-e-novembro-bras202657\">Previs\u00e3o de recuo do PIB diminui entre setembro e novembro<\/a><\/strong><\/p>\n\n\n\n<p><strong><a href=\"https:\/\/brasil61.com\/noticias\/ipea-afirma-que-crise-economica-faz-classe-mais-baixa-empobrecer-bras202651\">Ipea afirma que crise econ\u00f4mica faz classe mais baixa empobrecer<\/a><\/strong><\/p>\n\n\n\n<p>A Institui\u00e7\u00e3o Fiscal Independente (IFI) do Senado Federal fez, nesta semana, uma revis\u00e3o dos cen\u00e1rios de proje\u00e7\u00f5es incluindo o Produto Interno Bruto (PIB), al\u00e9m da d\u00edvida p\u00fablica. De acordo com o documento, os gastos com medidas de enfrentamento a Covid-19 j\u00e1 alcan\u00e7avam R$ 500 bilh\u00f5es at\u00e9 outubro deste ano.&nbsp;<\/p>\n\n\n\n<p>Segundo o diretor-executivo da Institui\u00e7\u00e3o, Felipe Salto, para recuperar essa situa\u00e7\u00e3o, daqui pra frente, o governo ter\u00e1 que garantir fontes de financiamento para essas despesas que ainda devem ocorrer com rela\u00e7\u00e3o a pandemia.&nbsp;<\/p>\n\n\n\n<p>\u201cO que precisa agora \u00e9, a partir do ano que vem, retomar uma agenda de responsabilidade fiscal de maior austeridade, ainda neste contexto de crise da Covid-19 e de uma poss\u00edvel segunda onda. \u00c9 preciso, principalmente, sinalizar para o equil\u00edbrio fiscal de m\u00e9dio prazo. Isso significa que o mercado, os agentes econ\u00f4micos e a sociedade esperam do governo que ele mostre um horizonte de equil\u00edbrio da rela\u00e7\u00e3o de d\u00edvida sobre PIB\u201d, avalia.<\/p>\n\n\n\n<p>Com essa nova publica\u00e7\u00e3o, o Tesouro espera fomentar a elabora\u00e7\u00e3o de modelos personalizados de custos que atendam \u00e0s necessidades de gest\u00e3o dos \u00f3rg\u00e3os p\u00fablicos, desde a perspectiva estrat\u00e9gica, voltada aos programas de governo, at\u00e9 a operacional, direcionada \u00e0 avalia\u00e7\u00e3o do desempenho de cada \u00f3rg\u00e3o.<br>&nbsp;<\/p>\n\n\n\n<figure class=\"wp-block-image\"><img decoding=\"async\" src=\"\/\/s3-sa-east-1.amazonaws.com\/agencia-radio-arb\/3180\/content_gastos-coronavirus.png\" alt=\"\"\/><\/figure>\n\n\n\n<p>Fonte: <a href=\"https:\/\/brasil61.com\/noticias\/governo-federal-economiza-com-teletrabalho-mas-aumenta-os-custos-em-70-no-primeiro-semestre-devido-a-pandemia-bras202708?email=bethdeoliveira@yahoo.com.br&amp;utm_source=newsletter&amp;utm_medium=newsletter&amp;utm_campaign=newsletter\" target=\"_blank\" rel=\"noreferrer noopener\">Brasil 61<\/a><\/p>\n","protected":false},"excerpt":{"rendered":"<p>Minist\u00e9rio da Sa\u00fade teve um aumento de 55% nos gastos. Fora essa exce\u00e7\u00e3o, o Poder<\/p>\n","protected":false},"author":2,"featured_media":6411,"comment_status":"open","ping_status":"open","sticky":false,"template":"","format":"standard","meta":{"footnotes":""},"categories":[18],"tags":[],"class_list":["post-6410","post","type-post","status-publish","format-standard","has-post-thumbnail","hentry","category-economia"],"_links":{"self":[{"href":"https:\/\/tvc16.com\/portal\/wp-json\/wp\/v2\/posts\/6410","targetHints":{"allow":["GET"]}}],"collection":[{"href":"https:\/\/tvc16.com\/portal\/wp-json\/wp\/v2\/posts"}],"about":[{"href":"https:\/\/tvc16.com\/portal\/wp-json\/wp\/v2\/types\/post"}],"author":[{"embeddable":true,"href":"https:\/\/tvc16.com\/portal\/wp-json\/wp\/v2\/users\/2"}],"replies":[{"embeddable":true,"href":"https:\/\/tvc16.com\/portal\/wp-json\/wp\/v2\/comments?post=6410"}],"version-history":[{"count":1,"href":"https:\/\/tvc16.com\/portal\/wp-json\/wp\/v2\/posts\/6410\/revisions"}],"predecessor-version":[{"id":6412,"href":"https:\/\/tvc16.com\/portal\/wp-json\/wp\/v2\/posts\/6410\/revisions\/6412"}],"wp:featuredmedia":[{"embeddable":true,"href":"https:\/\/tvc16.com\/portal\/wp-json\/wp\/v2\/media\/6411"}],"wp:attachment":[{"href":"https:\/\/tvc16.com\/portal\/wp-json\/wp\/v2\/media?parent=6410"}],"wp:term":[{"taxonomy":"category","embeddable":true,"href":"https:\/\/tvc16.com\/portal\/wp-json\/wp\/v2\/categories?post=6410"},{"taxonomy":"post_tag","embeddable":true,"href":"https:\/\/tvc16.com\/portal\/wp-json\/wp\/v2\/tags?post=6410"}],"curies":[{"name":"wp","href":"https:\/\/api.w.org\/{rel}","templated":true}]}}