{"id":6413,"date":"2020-11-23T13:18:49","date_gmt":"2020-11-23T16:18:49","guid":{"rendered":"https:\/\/tvc16.com\/portal\/?p=6413"},"modified":"2020-11-23T13:18:52","modified_gmt":"2020-11-23T16:18:52","slug":"brasil-esta-analisando-casos-suspeitos-de-reinfeccao-por-covid-19","status":"publish","type":"post","link":"https:\/\/tvc16.com\/portal\/2020\/11\/23\/brasil-esta-analisando-casos-suspeitos-de-reinfeccao-por-covid-19\/","title":{"rendered":"Brasil est\u00e1 analisando casos suspeitos de reinfec\u00e7\u00e3o por Covid-19"},"content":{"rendered":"\n<p>Mais que um boato, at\u00e9 porque alguns lugares do mundo j\u00e1 foram identificados casos de reinfec\u00e7\u00e3o pelo coronav\u00edrus e muitos estudos est\u00e3o em andamento para tentar responder a novas perguntas trazidas pela doen\u00e7a<\/p>\n\n\n\n<p>Ao longo dos meses, v\u00eam ganhando for\u00e7a hist\u00f3rias sobre a possibilidade de uma pessoa que j\u00e1 foi infectada e curada de Covid-19 poder ficar novamente doente por causa do v\u00edrus. <br><br>Esses casos, at\u00e9 ent\u00e3o considerados raros, tem gerado debates entre especialistas e m\u00e9dicos e levanta questionamentos a respeito da imunidade \u2013 que serve, inclusive, como argumento fundamental para algumas teorias como a \u201cimunidade de rebanho\u201d.<br><br>De acordo com a Nota T\u00e9cnica 52\/2020, divulgada pelo Minist\u00e9rio da Sa\u00fade no final de outubro, \u201crecentes estudos publicados admitem a possibilidade de reinfec\u00e7\u00e3o pelo v\u00edrus SARS-CoV-2 em um curto per\u00edodo de tempo. A analogia com outros v\u00edrus semelhantes indica que a hip\u00f3tese de reinfec\u00e7\u00e3o \u00e9 plaus\u00edvel\u201d. O documento segue reconhecendo casos suspeitos de reinfec\u00e7\u00e3o por parte das vigil\u00e2ncias de alguns estados no Brasil, que descrevem intervalos de tempo bastante vari\u00e1veis entre as duas poss\u00edveis infec\u00e7\u00f5es.<br><br>Procurado pela reportagem, o Minist\u00e9rio da Sa\u00fade informou que tem prestado apoio \u00e0s equipes de vigil\u00e2ncia das secretarias estaduais e municipais de sa\u00fade envolvidas na investiga\u00e7\u00e3o de supostos casos de <strong><a href=\"https:\/\/www.cnm.org.br\/cms\/images\/stories\/comunicacao_novo\/saude\/SEI_MS_-_0017401088_-_Nota_Tecnica_final_1.pdf\">reinfec\u00e7\u00e3o por Covid-19<\/a><\/strong> e que, at\u00e9 o momento, n\u00e3o h\u00e1 casos confirmados no Brasil. Os supostos casos de reinfec\u00e7\u00e3o est\u00e3o sendo acompanhados pelo Minist\u00e9rio da Sa\u00fade, com apoio de especialistas dos Laborat\u00f3rios de Refer\u00eancia Nacional (Fiocruz, Instituto Adolfo Lutz e Instituto Evandro Chagas).<\/p>\n\n\n\n<p><img decoding=\"async\" alt=\"\" src=\"\/\/s3-sa-east-1.amazonaws.com\/agencia-radio-arb\/3160\/content_ORIENTA%C3%87%C3%95ES-SOBRE-POSS%C3%8DVEL-REINFEC%C3%87%C3%83O-COVID-19_%281%29.jpg\"><br><br>De acordo com Alessandro Chagas, que \u00e9 assessor T\u00e9cnico do <strong><a href=\"https:\/\/www.conasems.org.br\/\">Conselho Nacional de Secretarias municipais de Sa\u00fade (CONASEM)<\/a><\/strong>, est\u00e1 sendo realizada uma extensa avalia\u00e7\u00e3o nos casos de Covid-19 por todo o Brasil, com aten\u00e7\u00e3o especial na cadeia de informa\u00e7\u00f5es que aproxima as informa\u00e7\u00f5es nacionais com os dados de cada munic\u00edpio.<br><br>\u201cPelo pr\u00f3prio sistema que tem hoje, o e-SUS Notifica que \u00e9 por onde a gente j\u00e1 notifica as infec\u00e7\u00f5es, temos como acompanhar os casos de reinfec\u00e7\u00e3o. O Conasems representa os munic\u00edpios no \u00e2mbito da tripartite em Bras\u00edlia e tem uma articula\u00e7\u00e3o semanal com a representa\u00e7\u00e3o nos estados, chamados de Cosems, e a gente conversa em rela\u00e7\u00e3o a quest\u00f5es do enfretamento \u00e0 pandemia. Essa articula\u00e7\u00e3o \u00e9 r\u00e1pida e precisa, ent\u00e3o com essa rede n\u00f3s conseguimos fazer essas informa\u00e7\u00f5es chegarem nas secretarias [de Sa\u00fade] dos 5.570 munic\u00edpios\u201d, destacou o t\u00e9cnico do Conasem.<\/p>\n\n\n\n<p><strong><a href=\"https:\/\/brasil61.com\/noticias\/covid-19-vacina-precisara-de-cuidados-durante-envio-a-estados-e-municipios-bras202647\">Covid-19: Vacina precisar\u00e1 de cuidados durante envio a Estados e Munic\u00edpios<\/a><\/strong><\/p>\n\n\n\n<p><a href=\"https:\/\/brasil61.com\/noticias\/bras202599\"><strong>Sebrae lan\u00e7a s\u00e9rie de ilustra\u00e7\u00f5es educativas para orientar empres\u00e1rios na reabertura das atividades<\/strong><\/a><br><br>Por isso, a suspeita de reinfec\u00e7\u00e3o vai partir dos laborat\u00f3rios e centros que est\u00e3o analisando as testagens, conforme orienta\u00e7\u00e3o do Minist\u00e9rio da Sa\u00fade, na <a href=\"https:\/\/www.cnm.org.br\/comunicacao\/noticias\/covid-19-saude-emite-orientacoes-para-monitorar-casos-suspeitos-de-reinfeccao\"><strong>Nota T\u00e9cnica 52\/2020<\/strong><\/a>, no sentido de ampliar a chances de identificar um caso suspeito com maior rapidez. A popula\u00e7\u00e3o pode receber assist\u00eancia em centros de refer\u00eancia no \u00e2mbito do enfrentamento \u00e0 Covid, sendo que atualmente existem 3.395 centros em funcionamento no pa\u00eds: 3.265 Centros de Atendimento e 130 Centros Comunit\u00e1rios de Refer\u00eancia.<br><br>Para o m\u00e9dico e diretor Cient\u00edfico da <strong><a href=\"https:\/\/infectologia.org.br\/\">Sociedade de Infectologia do Distrito Federal<\/a><\/strong>, Jose David Urbaez, esses casos de reinfec\u00e7\u00e3o s\u00e3o muito raros e pouco representativos para que se possa tomar conclus\u00f5es. \u201cDos casos que j\u00e1 foram comprovados e que foram escritos, voc\u00ea tem todo tipo de possibilidades. Voc\u00ea tem pessoas com um primeiro epis\u00f3dio muito grave ou s\u00e9rio e que, depois, tiveram um segundo epis\u00f3dio com sintomas mais brandos, mais leves. Tamb\u00e9m tiveram pessoas que em um primeiro epis\u00f3dio apresentaram quadro cl\u00ednico mais leve e que tiveram uma segunda infec\u00e7\u00e3o mais grave. Ent\u00e3o, o que \u00e9 bem claro \u00e9 que tratar, abordar e descrever a situa\u00e7\u00e3o em rela\u00e7\u00e3o a reinfec\u00e7\u00e3o \u00e9, ainda, um conhecimento que est\u00e1 em constru\u00e7\u00e3o\u201d, explicou. &nbsp;<\/p>\n\n\n\n<p>Fonte: <a href=\"https:\/\/brasil61.com\/noticias\/brasil-esta-analisando-casos-suspeitos-de-reinfeccao-por-covid-19-bras202668?email=bethdeoliveira@yahoo.com.br&amp;utm_source=newsletter&amp;utm_medium=newsletter&amp;utm_campaign=newsletter\" target=\"_blank\" rel=\"noreferrer noopener\">Brasil 61<\/a><\/p>\n","protected":false},"excerpt":{"rendered":"<p>Mais que um boato, at\u00e9 porque alguns lugares do mundo j\u00e1 foram identificados casos de<\/p>\n","protected":false},"author":2,"featured_media":6414,"comment_status":"open","ping_status":"open","sticky":false,"template":"","format":"standard","meta":{"footnotes":""},"categories":[14],"tags":[],"class_list":["post-6413","post","type-post","status-publish","format-standard","has-post-thumbnail","hentry","category-pais"],"_links":{"self":[{"href":"https:\/\/tvc16.com\/portal\/wp-json\/wp\/v2\/posts\/6413","targetHints":{"allow":["GET"]}}],"collection":[{"href":"https:\/\/tvc16.com\/portal\/wp-json\/wp\/v2\/posts"}],"about":[{"href":"https:\/\/tvc16.com\/portal\/wp-json\/wp\/v2\/types\/post"}],"author":[{"embeddable":true,"href":"https:\/\/tvc16.com\/portal\/wp-json\/wp\/v2\/users\/2"}],"replies":[{"embeddable":true,"href":"https:\/\/tvc16.com\/portal\/wp-json\/wp\/v2\/comments?post=6413"}],"version-history":[{"count":1,"href":"https:\/\/tvc16.com\/portal\/wp-json\/wp\/v2\/posts\/6413\/revisions"}],"predecessor-version":[{"id":6415,"href":"https:\/\/tvc16.com\/portal\/wp-json\/wp\/v2\/posts\/6413\/revisions\/6415"}],"wp:featuredmedia":[{"embeddable":true,"href":"https:\/\/tvc16.com\/portal\/wp-json\/wp\/v2\/media\/6414"}],"wp:attachment":[{"href":"https:\/\/tvc16.com\/portal\/wp-json\/wp\/v2\/media?parent=6413"}],"wp:term":[{"taxonomy":"category","embeddable":true,"href":"https:\/\/tvc16.com\/portal\/wp-json\/wp\/v2\/categories?post=6413"},{"taxonomy":"post_tag","embeddable":true,"href":"https:\/\/tvc16.com\/portal\/wp-json\/wp\/v2\/tags?post=6413"}],"curies":[{"name":"wp","href":"https:\/\/api.w.org\/{rel}","templated":true}]}}