{"id":6416,"date":"2020-11-23T13:20:42","date_gmt":"2020-11-23T16:20:42","guid":{"rendered":"https:\/\/tvc16.com\/portal\/?p=6416"},"modified":"2020-11-23T13:23:20","modified_gmt":"2020-11-23T16:23:20","slug":"desoneracao-da-folha-de-pagamento-vai-ajudar-empresas-do-rio-de-janeiro-na-manutencao-de-empregos-em-2021","status":"publish","type":"post","link":"https:\/\/tvc16.com\/portal\/2020\/11\/23\/desoneracao-da-folha-de-pagamento-vai-ajudar-empresas-do-rio-de-janeiro-na-manutencao-de-empregos-em-2021\/","title":{"rendered":"Desonera\u00e7\u00e3o da folha de pagamento vai ajudar empresas do Rio de Janeiro na manuten\u00e7\u00e3o de empregos em 2021"},"content":{"rendered":"\n<p>Data de publica\u00e7\u00e3o: 23 de Novembro de 2020, 01:00hCom a prorroga\u00e7\u00e3o da ren\u00fancia fiscal para 17 setores da economia, expectativa \u00e9 de preserva\u00e7\u00e3o dos postos de trabalho em meio \u00e0 crise econ\u00f4mica causada pela Covid-19<\/p>\n\n\n\n<p>A prorroga\u00e7\u00e3o da desonera\u00e7\u00e3o da folha de pagamento para 17 setores da economia at\u00e9 o fim de 2021 deve ajudar na manuten\u00e7\u00e3o de empregos no Rio de Janeiro, sobretudo na constru\u00e7\u00e3o, respons\u00e1vel por 15,5% da <a href=\"https:\/\/perfildaindustria.portaldaindustria.com.br\/estado\/rj\">atividade industrial do estado<\/a>.<br>&nbsp;<br>No in\u00edcio de novembro, o Congresso Nacional derrubou veto do presidente Jair Bolsonaro, que impedia a prorroga\u00e7\u00e3o da desonera\u00e7\u00e3o at\u00e9 o fim do ano que vem para setores como call center, constru\u00e7\u00e3o civil, tecnologia da informa\u00e7\u00e3o e t\u00eaxtil. A principal justificativa do Executivo para o veto, \u00e0 \u00e9poca, foi a queda na arrecada\u00e7\u00e3o, estimada em R$ 9,8 bilh\u00f5es.&nbsp;<br>&nbsp;<br>Representantes dos 17 segmentos e favor\u00e1veis \u00e0 desonera\u00e7\u00e3o alegam que o fim do benef\u00edcio \u2013 que, originalmente, iria at\u00e9 dezembro \u2013 poderia gerar demiss\u00f5es em meio \u00e0 crise econ\u00f4mica causada pela pandemia da Covid-19. Juntos, eles empregam mais de seis milh\u00f5es de trabalhadores.<br>&nbsp;<br>Para o deputado federal Fel\u00edcio Later\u00e7a (PSL\/RJ) a desonera\u00e7\u00e3o contribui para a preserva\u00e7\u00e3o dos postos de trabalho, pois reduz os encargos trabalhistas para as empresas. Al\u00e9m disso, ele acredita que a prorroga\u00e7\u00e3o da ren\u00fancia fiscal traz outras vantagens.<br>&nbsp;<br>\u201cContribui para tornar as nossas empresas mais competitivas, sobretudo em compara\u00e7\u00e3o com os seus concorrentes internacionais. Na China, por exemplo, praticamente inexiste encargos trabalhistas. Como competir em pre\u00e7o com eles? A desonera\u00e7\u00e3o pode dar uma ajuda nesse sentido. Tamb\u00e9m destaco o potencial de formaliza\u00e7\u00e3o do trabalho, inserindo os trabalhadores no mercado formal e nas estat\u00edsticas de emprego\u201d, avalia.<br>&nbsp;<br>O parlamentar ressalta que entende a preocupa\u00e7\u00e3o da equipe econ\u00f4mica com o impacto fiscal da prorroga\u00e7\u00e3o, principalmente ap\u00f3s os gastos elevados do governo no combate ao novo coronav\u00edrus, mas acredita que a decis\u00e3o do Congresso foi correta. \u201cDecis\u00f5es dessa monta n\u00e3o s\u00e3o simples e necessitam de an\u00e1lise profunda, corajosa e respons\u00e1vel. Sabemos das limita\u00e7\u00f5es fiscais e somos sens\u00edveis a elas, mas \u00e9 a hora de olharmos para as nossas empresas, os nossos trabalhadores e nossa sociedade\u201d diz.&nbsp;<\/p>\n\n\n\n<h2 class=\"wp-block-heading\">Entenda<\/h2>\n\n\n\n<p>As empresas de todos os setores devem contribuir para a Previd\u00eancia Social com 20% sobre o valor do sal\u00e1rio de cada funcion\u00e1rio. No entanto, com a desonera\u00e7\u00e3o, 17 setores da economia (saiba mais abaixo) podem optar por contribuir com um percentual que varia de 1% a 4,5% sobre a receita bruta, em vez do tributo convencional.<br>&nbsp;<br>Apesar do veto do governo \u00e0 prorroga\u00e7\u00e3o da desonera\u00e7\u00e3o da folha de pagamento at\u00e9 o ano que vem, por conta da situa\u00e7\u00e3o fiscal do pa\u00eds, a medida \u00e9 defendida pelo ministro da Economia, Paulo Guedes. Ele acredita, inclusive, que a amplia\u00e7\u00e3o da medida para todos os setores da economia \u2013 atualmente s\u00e3o apenas 17 \u2013 permitiria a cria\u00e7\u00e3o de novos empregos em massa. No entanto, isso traria uma perda de R$ 100 bilh\u00f5es em arrecada\u00e7\u00e3o para a Uni\u00e3o, o que s\u00f3 seria poss\u00edvel compensar com a cria\u00e7\u00e3o de um novo imposto.<br>&nbsp;<br><img decoding=\"async\" alt=\"Arte: Brasil 61\" src=\"\/\/s3-sa-east-1.amazonaws.com\/agencia-radio-arb\/3177\/content_WhatsApp_Image_2020-11-19_at_16.57.24.jpeg\"><br>&nbsp;<br>Segundo o economista Newton Marques, a prorroga\u00e7\u00e3o da desonera\u00e7\u00e3o traz consequ\u00eancias negativas aos cofres p\u00fablicos, mas que s\u00e3o necess\u00e1rias para manuten\u00e7\u00e3o da atividade econ\u00f4mica.<br>&nbsp;<br>\u201cS\u00e3o tr\u00eas setores envolvidos: os empres\u00e1rios, os empregados e o governo. Todas as vezes que desonera os encargos trabalhistas, isso passa a onerar o governo. E, nesse momento, em que a atividade econ\u00f4mica est\u00e1 em baixa, o governo vai ter que assumir esse \u00f4nus. Caso contr\u00e1rio, os trabalhadores ficam desamparados e a atividade econ\u00f4mica vai ficar estagnada\u201d, acredita.<\/p>\n\n\n\n<h2 class=\"wp-block-heading\">Idas e vindas<\/h2>\n\n\n\n<p>Criada em 2011, a desonera\u00e7\u00e3o da folha de pagamento tem o objetivo de incentivar a manuten\u00e7\u00e3o de empregos em 17 setores considerados de alta empregabilidade no pa\u00eds. Em 2018, o Congresso decidiu que, naquele ano, a ren\u00fancia fiscal seria prorrogada pela \u00faltima vez e que acabaria em dezembro de 2020. No entanto, os parlamentares decidiram por incluir uma nova prorroga\u00e7\u00e3o na Medida Provis\u00f3ria (MP) 936\/2020, aprovada em maio, que criou <a href=\"https:\/\/www.in.gov.br\/en\/web\/dou\/-\/lei-n-14.020-de-6-de-julho-de-2020-265386938\">um programa emergencial de manuten\u00e7\u00e3o do emprego<\/a>.&nbsp;<\/p>\n\n\n\n<p>Fonte: <a href=\"https:\/\/brasil61.com\/noticias\/desoneracao-da-folha-de-pagamento-vai-ajudar-empresas-do-rio-de-janeiro-na-manutencao-de-empregos-em-2021-pind202267?email=bethdeoliveira@yahoo.com.br&amp;utm_source=email_individual&amp;utm_medium=email_individual&amp;utm_campaign=email_individual\" target=\"_blank\" rel=\"noreferrer noopener\">Brasil 61<\/a><\/p>\n","protected":false},"excerpt":{"rendered":"<p>Data de publica\u00e7\u00e3o: 23 de Novembro de 2020, 01:00hCom a prorroga\u00e7\u00e3o da ren\u00fancia fiscal para<\/p>\n","protected":false},"author":2,"featured_media":6420,"comment_status":"open","ping_status":"open","sticky":false,"template":"","format":"standard","meta":{"footnotes":""},"categories":[18],"tags":[],"class_list":["post-6416","post","type-post","status-publish","format-standard","has-post-thumbnail","hentry","category-economia"],"_links":{"self":[{"href":"https:\/\/tvc16.com\/portal\/wp-json\/wp\/v2\/posts\/6416","targetHints":{"allow":["GET"]}}],"collection":[{"href":"https:\/\/tvc16.com\/portal\/wp-json\/wp\/v2\/posts"}],"about":[{"href":"https:\/\/tvc16.com\/portal\/wp-json\/wp\/v2\/types\/post"}],"author":[{"embeddable":true,"href":"https:\/\/tvc16.com\/portal\/wp-json\/wp\/v2\/users\/2"}],"replies":[{"embeddable":true,"href":"https:\/\/tvc16.com\/portal\/wp-json\/wp\/v2\/comments?post=6416"}],"version-history":[{"count":1,"href":"https:\/\/tvc16.com\/portal\/wp-json\/wp\/v2\/posts\/6416\/revisions"}],"predecessor-version":[{"id":6418,"href":"https:\/\/tvc16.com\/portal\/wp-json\/wp\/v2\/posts\/6416\/revisions\/6418"}],"wp:featuredmedia":[{"embeddable":true,"href":"https:\/\/tvc16.com\/portal\/wp-json\/wp\/v2\/media\/6420"}],"wp:attachment":[{"href":"https:\/\/tvc16.com\/portal\/wp-json\/wp\/v2\/media?parent=6416"}],"wp:term":[{"taxonomy":"category","embeddable":true,"href":"https:\/\/tvc16.com\/portal\/wp-json\/wp\/v2\/categories?post=6416"},{"taxonomy":"post_tag","embeddable":true,"href":"https:\/\/tvc16.com\/portal\/wp-json\/wp\/v2\/tags?post=6416"}],"curies":[{"name":"wp","href":"https:\/\/api.w.org\/{rel}","templated":true}]}}