{"id":6426,"date":"2020-11-23T13:51:04","date_gmt":"2020-11-23T16:51:04","guid":{"rendered":"https:\/\/tvc16.com\/portal\/?p=6426"},"modified":"2020-11-23T17:41:44","modified_gmt":"2020-11-23T20:41:44","slug":"educacao-coletanea-de-cinco-livros-narram-historias-sobre-a-vida-de-pessoas-com-deficiencia","status":"publish","type":"post","link":"https:\/\/tvc16.com\/portal\/2020\/11\/23\/educacao-coletanea-de-cinco-livros-narram-historias-sobre-a-vida-de-pessoas-com-deficiencia\/","title":{"rendered":"Educa\u00e7\u00e3o: colet\u00e2nea de cinco livros  narra hist\u00f3rias sobre a vida de pessoas com defici\u00eancia"},"content":{"rendered":"\n<p>A Secretaria Municipal de Educa\u00e7\u00e3o, de Petr\u00f3polis, publicou no site &#8220;Educa em Casa&#8221; uma colet\u00e2nea de cinco livros que narram hist\u00f3rias sobre a vida de pessoas com defici\u00eancia, os obst\u00e1culos encontrados por elas e os processos de emancipa\u00e7\u00e3o e transforma\u00e7\u00e3o em suas vidas. Essa publica\u00e7\u00e3o foi poss\u00edvel devido \u00e0 parceria com o Instituto atrav\u00e9s do Projeto Literatura Acess\u00edvel. \/\/<br>Os livros e v\u00eddeos distribu\u00eddos gratuitamente pelo Instituto Incluir e publicado no site Educa em Casa \u00e9 destinado ao p\u00fablico infanto-juvenil e disponibilizados em formato de v\u00eddeo em tr\u00eas vers\u00f5es: narrados, com audiodescri\u00e7\u00e3o e com libras. <\/p>\n\n\n\n<figure class=\"wp-block-image size-large\"><img loading=\"lazy\" decoding=\"async\" width=\"878\" height=\"517\" src=\"https:\/\/tvc16.com\/portal\/wp-content\/uploads\/2020\/11\/edc84fbe33.jpg\" alt=\"\" class=\"wp-image-6428\" srcset=\"https:\/\/tvc16.com\/portal\/wp-content\/uploads\/2020\/11\/edc84fbe33.jpg 878w, https:\/\/tvc16.com\/portal\/wp-content\/uploads\/2020\/11\/edc84fbe33-300x177.jpg 300w, https:\/\/tvc16.com\/portal\/wp-content\/uploads\/2020\/11\/edc84fbe33-768x452.jpg 768w\" sizes=\"auto, (max-width: 878px) 100vw, 878px\" \/><\/figure>\n\n\n\n<p>Desde sua publica\u00e7\u00e3o no site, milhares de acessos foram registrados bem como in\u00fameras possibilidades de trabalho realizadas por parte das escolas e materializadas atrav\u00e9s de alguns relatos. As hist\u00f3rias podem ser encontradas no site Educa em Casa atrav\u00e9s do endere\u00e7o (https:\/\/ https:\/\/web2.petropolis.rj.gov.br\/see\/educa-em-casa\/literaturas-acessiveis\/) e no site do Instituto incluir (&nbsp;<a rel=\"noreferrer noopener\" target=\"_blank\" href=\"https:\/\/literaturaacessivel.com.br\/%E2%80%9D).\">Literatura Acess\u00edvel -Literatura Acess\u00edvel <\/a>)<\/p>\n","protected":false},"excerpt":{"rendered":"<p>A Secretaria Municipal de Educa\u00e7\u00e3o, de Petr\u00f3polis, publicou no site &#8220;Educa em Casa&#8221; uma colet\u00e2nea<\/p>\n","protected":false},"author":2,"featured_media":6427,"comment_status":"open","ping_status":"open","sticky":false,"template":"","format":"standard","meta":{"footnotes":""},"categories":[12],"tags":[],"class_list":["post-6426","post","type-post","status-publish","format-standard","has-post-thumbnail","hentry","category-cidade"],"_links":{"self":[{"href":"https:\/\/tvc16.com\/portal\/wp-json\/wp\/v2\/posts\/6426","targetHints":{"allow":["GET"]}}],"collection":[{"href":"https:\/\/tvc16.com\/portal\/wp-json\/wp\/v2\/posts"}],"about":[{"href":"https:\/\/tvc16.com\/portal\/wp-json\/wp\/v2\/types\/post"}],"author":[{"embeddable":true,"href":"https:\/\/tvc16.com\/portal\/wp-json\/wp\/v2\/users\/2"}],"replies":[{"embeddable":true,"href":"https:\/\/tvc16.com\/portal\/wp-json\/wp\/v2\/comments?post=6426"}],"version-history":[{"count":2,"href":"https:\/\/tvc16.com\/portal\/wp-json\/wp\/v2\/posts\/6426\/revisions"}],"predecessor-version":[{"id":6450,"href":"https:\/\/tvc16.com\/portal\/wp-json\/wp\/v2\/posts\/6426\/revisions\/6450"}],"wp:featuredmedia":[{"embeddable":true,"href":"https:\/\/tvc16.com\/portal\/wp-json\/wp\/v2\/media\/6427"}],"wp:attachment":[{"href":"https:\/\/tvc16.com\/portal\/wp-json\/wp\/v2\/media?parent=6426"}],"wp:term":[{"taxonomy":"category","embeddable":true,"href":"https:\/\/tvc16.com\/portal\/wp-json\/wp\/v2\/categories?post=6426"},{"taxonomy":"post_tag","embeddable":true,"href":"https:\/\/tvc16.com\/portal\/wp-json\/wp\/v2\/tags?post=6426"}],"curies":[{"name":"wp","href":"https:\/\/api.w.org\/{rel}","templated":true}]}}