{"id":6430,"date":"2020-11-23T14:00:07","date_gmt":"2020-11-23T17:00:07","guid":{"rendered":"https:\/\/tvc16.com\/portal\/?p=6430"},"modified":"2020-11-23T14:00:11","modified_gmt":"2020-11-23T17:00:11","slug":"covid-19-agora-a-secretaria-tem-dez-equipes-de-saude-nas-ruas-e-de-porta-em-porta-para-realizar-testes-em-massa","status":"publish","type":"post","link":"https:\/\/tvc16.com\/portal\/2020\/11\/23\/covid-19-agora-a-secretaria-tem-dez-equipes-de-saude-nas-ruas-e-de-porta-em-porta-para-realizar-testes-em-massa\/","title":{"rendered":"Covid-19: agora a secretaria tem dez equipes de sa\u00fade nas ruas e de porta em porta para realizar testes em massa"},"content":{"rendered":"\n<p>Para ampliar ainda mais as testagens em massa, o monitoramento da Covid-19 e prevenir a chegada da segunda onda da doen\u00e7a na Cidade, a prefeitura de Petr\u00f3polis passa a contar, a partir desta segunda-feira (23), com dez equipes de sa\u00fade para a realiza\u00e7\u00e3o da testagem de porta em porta. T\u00e9cnicos far\u00e3o o atendimento em domic\u00edlio, garantindo que toda a popula\u00e7\u00e3o consiga fazer o teste.<\/p>\n\n\n\n<figure class=\"wp-block-image size-large is-resized\"><img loading=\"lazy\" decoding=\"async\" src=\"https:\/\/tvc16.com\/portal\/wp-content\/uploads\/2020\/11\/porta_a_porta001-20534142-1024x768.jpeg\" alt=\"\" class=\"wp-image-6431\" width=\"452\" height=\"339\" srcset=\"https:\/\/tvc16.com\/portal\/wp-content\/uploads\/2020\/11\/porta_a_porta001-20534142-1024x768.jpeg 1024w, https:\/\/tvc16.com\/portal\/wp-content\/uploads\/2020\/11\/porta_a_porta001-20534142-300x225.jpeg 300w, https:\/\/tvc16.com\/portal\/wp-content\/uploads\/2020\/11\/porta_a_porta001-20534142-768x576.jpeg 768w, https:\/\/tvc16.com\/portal\/wp-content\/uploads\/2020\/11\/porta_a_porta001-20534142-1536x1152.jpeg 1536w, https:\/\/tvc16.com\/portal\/wp-content\/uploads\/2020\/11\/porta_a_porta001-20534142-200x150.jpeg 200w, https:\/\/tvc16.com\/portal\/wp-content\/uploads\/2020\/11\/porta_a_porta001-20534142.jpeg 1920w\" sizes=\"auto, (max-width: 452px) 100vw, 452px\" \/><\/figure>\n\n\n\n<p>As a\u00e7\u00f5es fazem parte da preven\u00e7\u00e3o de uma segunda onda da COVID-19. E no \u00faltimo s\u00e1bado (21), os testes foram feitos nos bairros Independ\u00eancia e Quitandinha. Do total de 667 pacientes testados nestes dois locais, em pontos fixos e de porta em porta, 35 exames positivos foram detectados. Nesta segunda-feira, com in\u00edcio \u00e0s 09h, equipes fixas e m\u00f3veis realizar\u00e3o a testagem no Caxambu e no Alto da Serra. Al\u00e9m das equipes que ir\u00e3o atuar de porta em porta, os pontos fixos estar\u00e3o no CIE do Caxambu e na Pra\u00e7a Rui Barbosa, no bairro Alto da Serra.<\/p>\n\n\n\n<p><br>\u201c A doen\u00e7a voltou a tomar grandes propor\u00e7\u00f5es em diversas cidades e, diante disso, precisamos manter nossas medidas protetivas \u00e0 popula\u00e7\u00e3o. Fazemos, novamente, o pedido para que as pessoas evitem as aglomera\u00e7\u00f5es e mantenham os cuidados que sempre tiveram desde o in\u00edcio da pandemia. Os hospitais t\u00eam percebido o aumento expressivo no n\u00famero de jovens infectados. Justamente a faixa et\u00e1ria que mais tem deixado a preven\u00e7\u00e3o de lado e que, mesmo sem querer, pode infectar amigos e parentes. Devemos redobrar nossos cuidados\u201d, afirmou a secret\u00e1ria de sa\u00fade do munic\u00edpio, Fab\u00edola Heck.<\/p>\n\n\n\n<figure class=\"wp-block-image size-large\"><img loading=\"lazy\" decoding=\"async\" width=\"480\" height=\"360\" src=\"https:\/\/tvc16.com\/portal\/wp-content\/uploads\/2020\/11\/hqdefault-1.jpg\" alt=\"\" class=\"wp-image-6432\" srcset=\"https:\/\/tvc16.com\/portal\/wp-content\/uploads\/2020\/11\/hqdefault-1.jpg 480w, https:\/\/tvc16.com\/portal\/wp-content\/uploads\/2020\/11\/hqdefault-1-300x225.jpg 300w, https:\/\/tvc16.com\/portal\/wp-content\/uploads\/2020\/11\/hqdefault-1-200x150.jpg 200w\" sizes=\"auto, (max-width: 480px) 100vw, 480px\" \/><figcaption>Fab\u00edola Heck &#8211; secret\u00e1ria de sa\u00fade de Petr\u00f3polis<\/figcaption><\/figure>\n\n\n\n<p>Ap\u00f3s o rein\u00edcio das a\u00e7\u00f5es de testagem em massa, locais como o Centro da cidade, Nogueira, Quitandinha, Araras, Alto da Serra, Corr\u00eaas, Pedro do Rio, Posse e Cascatinha j\u00e1 realizaram as atividades, testando mais de 5 mil pessoas. Vale lembrar que Petr\u00f3polis vem apontando crescimento na contamina\u00e7\u00e3o pela doen\u00e7a e que hospitais, p\u00fablicos e particulares, j\u00e1 apresentam aumento nos n\u00fameros de interna\u00e7\u00f5es pelo novo coronav\u00edrus.<br>Para os atendimentos \u00e9 exigido um documento de identifica\u00e7\u00e3o com foto e n\u00e3o \u00e9 necess\u00e1ria a realiza\u00e7\u00e3o de cadastro pr\u00e9vio. Os usu\u00e1rios testados, nos pontos fixos e em casa, recebem o resultado em 15 minutos pela equipe t\u00e9cnica respons\u00e1vel pelo trabalho. O trabalho acontece sempre das 09h \u00e0s 16h.<\/p>\n\n\n\n<p><\/p>\n","protected":false},"excerpt":{"rendered":"<p>Para ampliar ainda mais as testagens em massa, o monitoramento da Covid-19 e prevenir a<\/p>\n","protected":false},"author":2,"featured_media":6433,"comment_status":"open","ping_status":"open","sticky":false,"template":"","format":"standard","meta":{"footnotes":""},"categories":[12],"tags":[],"class_list":["post-6430","post","type-post","status-publish","format-standard","has-post-thumbnail","hentry","category-cidade"],"_links":{"self":[{"href":"https:\/\/tvc16.com\/portal\/wp-json\/wp\/v2\/posts\/6430","targetHints":{"allow":["GET"]}}],"collection":[{"href":"https:\/\/tvc16.com\/portal\/wp-json\/wp\/v2\/posts"}],"about":[{"href":"https:\/\/tvc16.com\/portal\/wp-json\/wp\/v2\/types\/post"}],"author":[{"embeddable":true,"href":"https:\/\/tvc16.com\/portal\/wp-json\/wp\/v2\/users\/2"}],"replies":[{"embeddable":true,"href":"https:\/\/tvc16.com\/portal\/wp-json\/wp\/v2\/comments?post=6430"}],"version-history":[{"count":1,"href":"https:\/\/tvc16.com\/portal\/wp-json\/wp\/v2\/posts\/6430\/revisions"}],"predecessor-version":[{"id":6434,"href":"https:\/\/tvc16.com\/portal\/wp-json\/wp\/v2\/posts\/6430\/revisions\/6434"}],"wp:featuredmedia":[{"embeddable":true,"href":"https:\/\/tvc16.com\/portal\/wp-json\/wp\/v2\/media\/6433"}],"wp:attachment":[{"href":"https:\/\/tvc16.com\/portal\/wp-json\/wp\/v2\/media?parent=6430"}],"wp:term":[{"taxonomy":"category","embeddable":true,"href":"https:\/\/tvc16.com\/portal\/wp-json\/wp\/v2\/categories?post=6430"},{"taxonomy":"post_tag","embeddable":true,"href":"https:\/\/tvc16.com\/portal\/wp-json\/wp\/v2\/tags?post=6430"}],"curies":[{"name":"wp","href":"https:\/\/api.w.org\/{rel}","templated":true}]}}