{"id":6441,"date":"2020-11-23T14:23:34","date_gmt":"2020-11-23T17:23:34","guid":{"rendered":"https:\/\/tvc16.com\/portal\/?p=6441"},"modified":"2020-11-23T14:23:35","modified_gmt":"2020-11-23T17:23:35","slug":"g20-se-compromete-a-garantir-acesso-global-a-vacina-contra-covid-19","status":"publish","type":"post","link":"https:\/\/tvc16.com\/portal\/2020\/11\/23\/g20-se-compromete-a-garantir-acesso-global-a-vacina-contra-covid-19\/","title":{"rendered":"G20 se compromete a garantir acesso global a vacina contra covid-19"},"content":{"rendered":"\n<h3 class=\"wp-block-heading\">Grupo se reuniu no fim de semana, sob a presid\u00eancia da Ar\u00e1bia Saudita<\/h3>\n\n\n\n<p>Os l\u00edderes das 20 maiores economias do planeta prometeram nesse&nbsp;domingo&nbsp;(22) n\u00e3o poupar esfor\u00e7os para fornecer medicamentos, testes e vacinas contra a covid-19 de maneira acess\u00edvel e justa para &#8220;todas as pessoas&#8221;, refletindo as preocupa\u00e7\u00f5es de que a pandemia possa aprofundar as divis\u00f5es globais entre ricos e pobres.<img decoding=\"async\" src=\"https:\/\/agenciabrasil.ebc.com.br\/ebc.png?id=1394241&amp;o=node\"><img decoding=\"async\" src=\"https:\/\/agenciabrasil.ebc.com.br\/ebc.gif?id=1394241&amp;o=node\"><\/p>\n\n\n\n<p>A pandemia do novo coronav\u00edrus e as perspectivas de uma recupera\u00e7\u00e3o econ\u00f4mica desigual e incerta estiveram no centro do encontro, que teve dura\u00e7\u00e3o de dois dias sob a presid\u00eancia da Ar\u00e1bia Saudita, que passar\u00e1 o comando do G20 \u00e0 It\u00e1lia no pr\u00f3ximo m\u00eas.<\/p>\n\n\n\n<p>&#8220;A pandemia de covid-19 e seu impacto sem precedentes em termos de vidas perdidas, meios de subsist\u00eancia e economias afetadas foram um choque sem paralelo&nbsp;que revelou vulnerabilidades em nossa prepara\u00e7\u00e3o e resposta, ressaltando nossos desafios comuns&#8221;, disse o comunicado final do encontro.<\/p>\n\n\n\n<p>As na\u00e7\u00f5es do G20 trabalhar\u00e3o para &#8220;proteger vidas, fornecer apoio com foco especial nos mais vulner\u00e1veis e colocar nossas economias de volta no caminho para restaurar o crescimento, proteger e criar empregos para todos&#8221;.<\/p>\n\n\n\n<p>Sobre vacinas, testes e tratamentos, os l\u00edderes disseram: &#8220;N\u00e3o pouparemos esfor\u00e7os para garantir o acesso equitativo e acess\u00edvel a todas as pessoas&#8221;.<\/p>\n\n\n\n<p>A economia mundial sofreu forte contra\u00e7\u00e3o este ano, pois as medidas para conter a dissemina\u00e7\u00e3o do v\u00edrus restringiram o transporte, o com\u00e9rcio e a demanda em todo o planeta.<\/p>\n\n\n\n<p>Os l\u00edderes do G20 disseram que a atividade econ\u00f4mica global aumentou parcialmente gra\u00e7as \u00e0 reabertura gradual de algumas economias, mas a recupera\u00e7\u00e3o \u00e9 desigual, altamente incerta e sujeita a riscos de queda.<\/p>\n\n\n\n<p>Eles reafirmaram o compromisso de usar &#8220;todas as ferramentas pol\u00edticas dispon\u00edveis, pelo tempo que for necess\u00e1rio&#8221; para proteger a vida, o emprego e a renda das pessoas.<\/p>\n\n\n\n<h2 class=\"wp-block-heading\">Congelamento de d\u00edvida<\/h2>\n\n\n\n<p>O G20 endossou um plano para estender o congelamento dos pagamentos de d\u00edvida dos pa\u00edses mais pobres at\u00e9 meados de 2021 e, al\u00e9m disso, uma abordagem comum para lidar com os problemas de d\u00edvida, de acordo com o comunicado.<\/p>\n\n\n\n<p>Os pa\u00edses tamb\u00e9m disseram que incentivam fortemente os credores privados a participar da iniciativa em termos compar\u00e1veis, quando solicitados pelos pa\u00edses eleg\u00edveis.<\/p>\n\n\n\n<p>A iniciativa de al\u00edvio de d\u00edvida do G20 ajudou 46 pa\u00edses a postergar US$ 5,7 bilh\u00f5es em pagamentos de d\u00edvida em 2020. Mas 73 pa\u00edses eram eleg\u00edveis para a medida, e a promessa era de um al\u00edvio potencial de cerca de US$ 12 bilh\u00f5es.<\/p>\n\n\n\n<p>Por Davide Barbuscia, Maha El Dahan, Raya Jalabi e Andrea Shalal &#8211;\u00a0&#8211; Rep\u00f3rteres da Reuters &#8211; Dubai<\/p>\n","protected":false},"excerpt":{"rendered":"<p>Grupo se reuniu no fim de semana, sob a presid\u00eancia da Ar\u00e1bia Saudita Os l\u00edderes<\/p>\n","protected":false},"author":2,"featured_media":6442,"comment_status":"open","ping_status":"open","sticky":false,"template":"","format":"standard","meta":{"footnotes":""},"categories":[22],"tags":[],"class_list":["post-6441","post","type-post","status-publish","format-standard","has-post-thumbnail","hentry","category-internacional"],"_links":{"self":[{"href":"https:\/\/tvc16.com\/portal\/wp-json\/wp\/v2\/posts\/6441","targetHints":{"allow":["GET"]}}],"collection":[{"href":"https:\/\/tvc16.com\/portal\/wp-json\/wp\/v2\/posts"}],"about":[{"href":"https:\/\/tvc16.com\/portal\/wp-json\/wp\/v2\/types\/post"}],"author":[{"embeddable":true,"href":"https:\/\/tvc16.com\/portal\/wp-json\/wp\/v2\/users\/2"}],"replies":[{"embeddable":true,"href":"https:\/\/tvc16.com\/portal\/wp-json\/wp\/v2\/comments?post=6441"}],"version-history":[{"count":1,"href":"https:\/\/tvc16.com\/portal\/wp-json\/wp\/v2\/posts\/6441\/revisions"}],"predecessor-version":[{"id":6443,"href":"https:\/\/tvc16.com\/portal\/wp-json\/wp\/v2\/posts\/6441\/revisions\/6443"}],"wp:featuredmedia":[{"embeddable":true,"href":"https:\/\/tvc16.com\/portal\/wp-json\/wp\/v2\/media\/6442"}],"wp:attachment":[{"href":"https:\/\/tvc16.com\/portal\/wp-json\/wp\/v2\/media?parent=6441"}],"wp:term":[{"taxonomy":"category","embeddable":true,"href":"https:\/\/tvc16.com\/portal\/wp-json\/wp\/v2\/categories?post=6441"},{"taxonomy":"post_tag","embeddable":true,"href":"https:\/\/tvc16.com\/portal\/wp-json\/wp\/v2\/tags?post=6441"}],"curies":[{"name":"wp","href":"https:\/\/api.w.org\/{rel}","templated":true}]}}