{"id":6444,"date":"2020-11-23T14:25:43","date_gmt":"2020-11-23T17:25:43","guid":{"rendered":"https:\/\/tvc16.com\/portal\/?p=6444"},"modified":"2020-11-23T14:25:46","modified_gmt":"2020-11-23T17:25:46","slug":"espanha-iniciara-programa-de-vacinacao-em-janeiro","status":"publish","type":"post","link":"https:\/\/tvc16.com\/portal\/2020\/11\/23\/espanha-iniciara-programa-de-vacinacao-em-janeiro\/","title":{"rendered":"Espanha iniciar\u00e1 programa de vacina\u00e7\u00e3o em janeiro"},"content":{"rendered":"\n<h3 class=\"wp-block-heading\">Informa\u00e7\u00e3o \u00e9 do primeiro-ministro Pedro Sanchez<\/h3>\n\n\n\n<p>A Espanha vai come\u00e7ar um programa abrangente de vacina\u00e7\u00e3o contra o novo coronav\u00edrus em janeiro e espera cobrir parte substancial da popula\u00e7\u00e3o em seis meses, disse o primeiro-ministro Pedro Sanchez, nesse\u00a0domingo (22).<img decoding=\"async\" src=\"https:\/\/agenciabrasil.ebc.com.br\/ebc.png?id=1394239&amp;o=node\"><img decoding=\"async\" src=\"https:\/\/agenciabrasil.ebc.com.br\/ebc.gif?id=1394239&amp;o=node\"><\/p>\n\n\n\n<p>Ele afirmou que a Espanha e a Alemanha foram os primeiros pa\u00edses da Uni\u00e3o Europeia a&nbsp;ter&nbsp;um plano de vacina\u00e7\u00e3o completo.<\/p>\n\n\n\n<p>&#8220;A campanha come\u00e7ar\u00e1 em janeiro e&nbsp;ter\u00e1 13 mil pontos de vacina\u00e7\u00e3o&#8221;, disse Sanchez em entrevista coletiva ap\u00f3s encontro com l\u00edderes do G20.<\/p>\n\n\n\n<p>\u201cUma parte muito significativa da popula\u00e7\u00e3o poder\u00e1 ser vacinada, com todas as garantias, no primeiro semestre do ano.&#8221;<\/p>\n\n\n\n<p>A Espanha vai implementar uma estrat\u00e9gia \u00fanica para todo o pa\u00eds, come\u00e7ando com &#8220;grupos priorit\u00e1rios&#8221;, disse Sanchez, acrescentando que apresentar\u00e1 o plano completo ao seu gabinete nesta&nbsp;ter\u00e7a-feira (24).<\/p>\n\n\n\n<p>Ele acrescentou que mais profissionais de sa\u00fade ser\u00e3o recrutados.<\/p>\n\n\n\n<p>A Espanha tem o\u00a0segunda\u00a0maior n\u00famero de infec\u00e7\u00f5es confirmadas do novo coronav\u00edrus na Europa Ocidental, depois da Fran\u00e7a, com cerca de 1,5 milh\u00e3o de casos e 46.619 mortes.<\/p>\n\n\n\n<p>Por Reuters &#8211; Madri<\/p>\n","protected":false},"excerpt":{"rendered":"<p>Informa\u00e7\u00e3o \u00e9 do primeiro-ministro Pedro Sanchez A Espanha vai come\u00e7ar um programa abrangente de vacina\u00e7\u00e3o<\/p>\n","protected":false},"author":2,"featured_media":6445,"comment_status":"open","ping_status":"open","sticky":false,"template":"","format":"standard","meta":{"footnotes":""},"categories":[22],"tags":[],"class_list":["post-6444","post","type-post","status-publish","format-standard","has-post-thumbnail","hentry","category-internacional"],"_links":{"self":[{"href":"https:\/\/tvc16.com\/portal\/wp-json\/wp\/v2\/posts\/6444","targetHints":{"allow":["GET"]}}],"collection":[{"href":"https:\/\/tvc16.com\/portal\/wp-json\/wp\/v2\/posts"}],"about":[{"href":"https:\/\/tvc16.com\/portal\/wp-json\/wp\/v2\/types\/post"}],"author":[{"embeddable":true,"href":"https:\/\/tvc16.com\/portal\/wp-json\/wp\/v2\/users\/2"}],"replies":[{"embeddable":true,"href":"https:\/\/tvc16.com\/portal\/wp-json\/wp\/v2\/comments?post=6444"}],"version-history":[{"count":1,"href":"https:\/\/tvc16.com\/portal\/wp-json\/wp\/v2\/posts\/6444\/revisions"}],"predecessor-version":[{"id":6446,"href":"https:\/\/tvc16.com\/portal\/wp-json\/wp\/v2\/posts\/6444\/revisions\/6446"}],"wp:featuredmedia":[{"embeddable":true,"href":"https:\/\/tvc16.com\/portal\/wp-json\/wp\/v2\/media\/6445"}],"wp:attachment":[{"href":"https:\/\/tvc16.com\/portal\/wp-json\/wp\/v2\/media?parent=6444"}],"wp:term":[{"taxonomy":"category","embeddable":true,"href":"https:\/\/tvc16.com\/portal\/wp-json\/wp\/v2\/categories?post=6444"},{"taxonomy":"post_tag","embeddable":true,"href":"https:\/\/tvc16.com\/portal\/wp-json\/wp\/v2\/tags?post=6444"}],"curies":[{"name":"wp","href":"https:\/\/api.w.org\/{rel}","templated":true}]}}