{"id":6447,"date":"2020-11-23T14:28:06","date_gmt":"2020-11-23T17:28:06","guid":{"rendered":"https:\/\/tvc16.com\/portal\/?p=6447"},"modified":"2020-11-23T14:28:08","modified_gmt":"2020-11-23T17:28:08","slug":"confinamento-nao-travou-concentracao-de-co2-na-atmosfera-diz-agencia","status":"publish","type":"post","link":"https:\/\/tvc16.com\/portal\/2020\/11\/23\/confinamento-nao-travou-concentracao-de-co2-na-atmosfera-diz-agencia\/","title":{"rendered":"Confinamento n\u00e3o travou concentra\u00e7\u00e3o de CO2 na atmosfera, diz ag\u00eancia"},"content":{"rendered":"\n<h3 class=\"wp-block-heading\">Informa\u00e7\u00e3o \u00e9 da Organiza\u00e7\u00e3o Meteorol\u00f3gica Mundial<\/h3>\n\n\n\n<h4 class=\"wp-block-heading\">Por RTP &#8211; Lisboa<\/h4>\n\n\n\n<p>A concentra\u00e7\u00e3o de di\u00f3xido de carbono (CO2) na atmosfera continuou a aumentar este ano, apesar do confinamento global devido \u00e0 pandemia da covid-19, revelou hoje&nbsp;(23) a Organiza\u00e7\u00e3o Meteorol\u00f3gica Mundial (OMM).<img decoding=\"async\" src=\"https:\/\/agenciabrasil.ebc.com.br\/ebc.png?id=1394254&amp;o=node\"><img decoding=\"async\" src=\"https:\/\/agenciabrasil.ebc.com.br\/ebc.gif?id=1394254&amp;o=node\"><\/p>\n\n\n\n<p>A ag\u00eancia das Na\u00e7\u00f5es Unidas registrou em 2019 aumento consider\u00e1vel das emiss\u00f5es de g\u00e1s de efeito estufa, que atingiu 410 part\u00edculas por milh\u00e3o, e o ritmo n\u00e3o parou de aumentar em 2020, apesar de muitos pa\u00edses terem praticamente parado a atividade econ\u00f4mica.<\/p>\n\n\n\n<p>&#8220;A queda&nbsp;das emiss\u00f5es relacionada com o confinamento representou apenas um pequeno ponto na curva de longo prazo, que devemos achatar de forma continuada&#8221;, afirmou o secret\u00e1rio-geral da organiza\u00e7\u00e3o, Petteri Taalas.<\/p>\n\n\n\n<p>De acordo com o boletim divulgado hoje, durante o per\u00edodo de confinamento mais intenso, as emiss\u00f5es globais diminu\u00edram cerca de 17%.<\/p>\n\n\n\n<p>A OMM considera muito dif\u00edcil estimar a redu\u00e7\u00e3o anual total das emiss\u00f5es em 2020, mas admite que possa estar entre 4,2% e 7,5%.<\/p>\n\n\n\n<p>No entanto, essa redu\u00e7\u00e3o de emiss\u00f5es n\u00e3o significar\u00e1 queda&nbsp;de concentra\u00e7\u00f5es de di\u00f3xido de carbono na atmosfera este ano, porque resultam de emiss\u00f5es acumuladas em 2020&nbsp;e em&nbsp;anos anteriores.<\/p>\n\n\n\n<p>A concentra\u00e7\u00e3o de di\u00f3xido de carbono dever\u00e1&nbsp;aumentar este ano, mas a um ritmo ligeiramente menor, sem ultrapassar as flutua\u00e7\u00f5es habituais do ciclo do carbono observadas&nbsp;de um ano para outro.<\/p>\n","protected":false},"excerpt":{"rendered":"<p>Informa\u00e7\u00e3o \u00e9 da Organiza\u00e7\u00e3o Meteorol\u00f3gica Mundial Por RTP &#8211; Lisboa A concentra\u00e7\u00e3o de di\u00f3xido de<\/p>\n","protected":false},"author":2,"featured_media":6448,"comment_status":"open","ping_status":"open","sticky":false,"template":"","format":"standard","meta":{"footnotes":""},"categories":[22],"tags":[],"class_list":["post-6447","post","type-post","status-publish","format-standard","has-post-thumbnail","hentry","category-internacional"],"_links":{"self":[{"href":"https:\/\/tvc16.com\/portal\/wp-json\/wp\/v2\/posts\/6447","targetHints":{"allow":["GET"]}}],"collection":[{"href":"https:\/\/tvc16.com\/portal\/wp-json\/wp\/v2\/posts"}],"about":[{"href":"https:\/\/tvc16.com\/portal\/wp-json\/wp\/v2\/types\/post"}],"author":[{"embeddable":true,"href":"https:\/\/tvc16.com\/portal\/wp-json\/wp\/v2\/users\/2"}],"replies":[{"embeddable":true,"href":"https:\/\/tvc16.com\/portal\/wp-json\/wp\/v2\/comments?post=6447"}],"version-history":[{"count":1,"href":"https:\/\/tvc16.com\/portal\/wp-json\/wp\/v2\/posts\/6447\/revisions"}],"predecessor-version":[{"id":6449,"href":"https:\/\/tvc16.com\/portal\/wp-json\/wp\/v2\/posts\/6447\/revisions\/6449"}],"wp:featuredmedia":[{"embeddable":true,"href":"https:\/\/tvc16.com\/portal\/wp-json\/wp\/v2\/media\/6448"}],"wp:attachment":[{"href":"https:\/\/tvc16.com\/portal\/wp-json\/wp\/v2\/media?parent=6447"}],"wp:term":[{"taxonomy":"category","embeddable":true,"href":"https:\/\/tvc16.com\/portal\/wp-json\/wp\/v2\/categories?post=6447"},{"taxonomy":"post_tag","embeddable":true,"href":"https:\/\/tvc16.com\/portal\/wp-json\/wp\/v2\/tags?post=6447"}],"curies":[{"name":"wp","href":"https:\/\/api.w.org\/{rel}","templated":true}]}}