{"id":6451,"date":"2020-11-23T18:25:13","date_gmt":"2020-11-23T21:25:13","guid":{"rendered":"https:\/\/tvc16.com\/portal\/?p=6451"},"modified":"2020-11-23T18:37:41","modified_gmt":"2020-11-23T21:37:41","slug":"eleicoes-2020-por-5-votos-a-2-desembargadores-do-tre-rj-cassam-registro-de-rubens-bomtempo","status":"publish","type":"post","link":"https:\/\/tvc16.com\/portal\/2020\/11\/23\/eleicoes-2020-por-5-votos-a-2-desembargadores-do-tre-rj-cassam-registro-de-rubens-bomtempo\/","title":{"rendered":"Elei\u00e7\u00f5es 2020: por 5 votos a 2, desembargadores do TRE-RJ cassam registro de Rubens Bomtempo"},"content":{"rendered":"\n<p>A decis\u00e3o dos Desembargadores do Tribunal Regional Eleitoral, em sess\u00e3o presidida pelo Desembargador Cl\u00e1udio Brand\u00e3o, cassa o direito pol\u00edtico do candidato a prefeito de Petr\u00f3polis, Rubens Bomtempo, PSB, que est\u00e1 no segundo turno a ser realizado no pr\u00f3ximo dia 29. <\/p>\n\n\n\n<figure class=\"wp-block-image size-large\"><img loading=\"lazy\" decoding=\"async\" width=\"1024\" height=\"576\" src=\"https:\/\/tvc16.com\/portal\/wp-content\/uploads\/2020\/11\/20201110_173158-1-1024x576.jpg\" alt=\"\" class=\"wp-image-6452\" srcset=\"https:\/\/tvc16.com\/portal\/wp-content\/uploads\/2020\/11\/20201110_173158-1-1024x576.jpg 1024w, https:\/\/tvc16.com\/portal\/wp-content\/uploads\/2020\/11\/20201110_173158-1-300x169.jpg 300w, https:\/\/tvc16.com\/portal\/wp-content\/uploads\/2020\/11\/20201110_173158-1-768x432.jpg 768w, https:\/\/tvc16.com\/portal\/wp-content\/uploads\/2020\/11\/20201110_173158-1-1536x864.jpg 1536w, https:\/\/tvc16.com\/portal\/wp-content\/uploads\/2020\/11\/20201110_173158-1-2048x1152.jpg 2048w\" sizes=\"auto, (max-width: 1024px) 100vw, 1024px\" \/><figcaption>Candidato Rubens Bomtempo &#8211; PSB<\/figcaption><\/figure>\n\n\n\n<p>O ex-prefeito e candidato pelo PSB\/Petr\u00f3polis, Rubens Bomtempo, teve seus direitos pol\u00edticos suspensos em raz\u00e3o da pr\u00e1tica de ato de improbidade administrativa. A decis\u00e3o foi proferida pelo TRE-RJ, e transitou em julgado em 2019, n\u00e3o cabendo mais recursos. <\/p>\n\n\n\n<p>PARA ENTENDER A RELEV\u00c2NCIA DA DECIS\u00c3O DOS DESEMBARGADORES<\/p>\n\n\n\n<p>Direitos pol\u00edticos s\u00e3o mais amplos que a lei da ficha limpa, pois atingem n\u00e3o s\u00f3 o direito de ser candidato, mas tamb\u00e9m o direito de ser eleg\u00edvel, bem como de votar e at\u00e9 mesmo de participar de concurso p\u00fablico.&nbsp;Constitui\u00e7\u00e3o Artigo 14, \u00a7 3\u00ba s\u00e3o condi\u00e7\u00f5es de elegibilidade, na forma da lei: II &#8211; o pleno exerc\u00edcio dos direitos pol\u00edticos.<\/p>\n\n\n\n<p>Segue link da Sess\u00e3o plen\u00e1ria virtual do TRE-RJ dia 23\/11\/2020<\/p>\n\n\n\n<p><a href=\"https:\/\/www.youtube.com\/channel\/UCyXs4gspHIht6mTPFfvj-hw\">https:\/\/www.youtube.com\/channel\/UCyXs4gspHIht6mTPFfvj-hw<\/a><\/p>\n\n\n\n<p>Em nota encaminhada a nossa reda\u00e7\u00e3o, a assessoria de comunica\u00e7\u00e3o do candidato afirma que: <\/p>\n\n\n\n<p><strong>A candidatura de Rubens Bomtempo (PSB) recebe com tranquilidade a decis\u00e3o do TRE e informa que recorrer\u00e1 ao Tribunal Superior Eleitoral. A pr\u00f3pria Justi\u00e7a Eleitoral reconheceu a candidatura de Bomtempo como leg\u00edtima, conforme decis\u00e3o do juiz da 29<sup>a<\/sup>\u00a0Zona Eleitoral de Petr\u00f3polis, Marcelo Machado, no \u00faltimo dia 19 de outubro.<\/strong><\/p>\n","protected":false},"excerpt":{"rendered":"<p>A decis\u00e3o dos Desembargadores do Tribunal Regional Eleitoral, em sess\u00e3o presidida pelo Desembargador Cl\u00e1udio Brand\u00e3o,<\/p>\n","protected":false},"author":2,"featured_media":6453,"comment_status":"open","ping_status":"open","sticky":false,"template":"","format":"standard","meta":{"footnotes":""},"categories":[12],"tags":[],"class_list":["post-6451","post","type-post","status-publish","format-standard","has-post-thumbnail","hentry","category-cidade"],"_links":{"self":[{"href":"https:\/\/tvc16.com\/portal\/wp-json\/wp\/v2\/posts\/6451","targetHints":{"allow":["GET"]}}],"collection":[{"href":"https:\/\/tvc16.com\/portal\/wp-json\/wp\/v2\/posts"}],"about":[{"href":"https:\/\/tvc16.com\/portal\/wp-json\/wp\/v2\/types\/post"}],"author":[{"embeddable":true,"href":"https:\/\/tvc16.com\/portal\/wp-json\/wp\/v2\/users\/2"}],"replies":[{"embeddable":true,"href":"https:\/\/tvc16.com\/portal\/wp-json\/wp\/v2\/comments?post=6451"}],"version-history":[{"count":4,"href":"https:\/\/tvc16.com\/portal\/wp-json\/wp\/v2\/posts\/6451\/revisions"}],"predecessor-version":[{"id":6459,"href":"https:\/\/tvc16.com\/portal\/wp-json\/wp\/v2\/posts\/6451\/revisions\/6459"}],"wp:featuredmedia":[{"embeddable":true,"href":"https:\/\/tvc16.com\/portal\/wp-json\/wp\/v2\/media\/6453"}],"wp:attachment":[{"href":"https:\/\/tvc16.com\/portal\/wp-json\/wp\/v2\/media?parent=6451"}],"wp:term":[{"taxonomy":"category","embeddable":true,"href":"https:\/\/tvc16.com\/portal\/wp-json\/wp\/v2\/categories?post=6451"},{"taxonomy":"post_tag","embeddable":true,"href":"https:\/\/tvc16.com\/portal\/wp-json\/wp\/v2\/tags?post=6451"}],"curies":[{"name":"wp","href":"https:\/\/api.w.org\/{rel}","templated":true}]}}