{"id":6460,"date":"2020-11-24T12:17:48","date_gmt":"2020-11-24T15:17:48","guid":{"rendered":"https:\/\/tvc16.com\/portal\/?p=6460"},"modified":"2020-11-24T12:17:51","modified_gmt":"2020-11-24T15:17:51","slug":"saude-mamografo-do-hospital-alcides-carneiro-deve-entrar-em-funcionamento-no-proximo-mes","status":"publish","type":"post","link":"https:\/\/tvc16.com\/portal\/2020\/11\/24\/saude-mamografo-do-hospital-alcides-carneiro-deve-entrar-em-funcionamento-no-proximo-mes\/","title":{"rendered":"Sa\u00fade: mam\u00f3grafo do Hospital Alcides Carneiro deve entrar em funcionamento no pr\u00f3ximo m\u00eas"},"content":{"rendered":"\n<p>A prefeitura\u00a0 de Petr\u00f3polis informou que as obras para a instala\u00e7\u00e3o do novo mam\u00f3grafo, no Centro de Sa\u00fade, foram finalizadas.<\/p>\n\n\n\n<p>A partir do pr\u00f3ximo dia 30 de novembro, t\u00e9cnicos da empresa respons\u00e1vel estar\u00e3o em Petr\u00f3polis durante sete dias para dar in\u00edcio \u00e0 montagem do aparelho que come\u00e7ar\u00e1 a operar na primeira semana do m\u00eas de dezembro. <\/p>\n\n\n\n<p>Foram instalados ainda, aparelhos de ar-condicionado e um termohigr\u00f4metro tamb\u00e9m, para a aferi\u00e7\u00e3o constante de temperatura e umidade do local. O novo mam\u00f3grafo digital de Petr\u00f3polis vai realizar at\u00e9 600 exames por m\u00eas. Esse n\u00famero \u00e9 o dobro da quantidade realizada pelo antigo equipamento anal\u00f3gico. A expectativa da unidade \u00e9 realizar exames tamb\u00e9m aos finais de semana para dar ainda mais agilidade \u00e0 demanda atual.<\/p>\n\n\n\n<p><\/p>\n","protected":false},"excerpt":{"rendered":"<p>A prefeitura\u00a0 de Petr\u00f3polis informou que as obras para a instala\u00e7\u00e3o do novo mam\u00f3grafo, no<\/p>\n","protected":false},"author":2,"featured_media":6461,"comment_status":"open","ping_status":"open","sticky":false,"template":"","format":"standard","meta":{"footnotes":""},"categories":[12],"tags":[],"class_list":["post-6460","post","type-post","status-publish","format-standard","has-post-thumbnail","hentry","category-cidade"],"_links":{"self":[{"href":"https:\/\/tvc16.com\/portal\/wp-json\/wp\/v2\/posts\/6460","targetHints":{"allow":["GET"]}}],"collection":[{"href":"https:\/\/tvc16.com\/portal\/wp-json\/wp\/v2\/posts"}],"about":[{"href":"https:\/\/tvc16.com\/portal\/wp-json\/wp\/v2\/types\/post"}],"author":[{"embeddable":true,"href":"https:\/\/tvc16.com\/portal\/wp-json\/wp\/v2\/users\/2"}],"replies":[{"embeddable":true,"href":"https:\/\/tvc16.com\/portal\/wp-json\/wp\/v2\/comments?post=6460"}],"version-history":[{"count":1,"href":"https:\/\/tvc16.com\/portal\/wp-json\/wp\/v2\/posts\/6460\/revisions"}],"predecessor-version":[{"id":6462,"href":"https:\/\/tvc16.com\/portal\/wp-json\/wp\/v2\/posts\/6460\/revisions\/6462"}],"wp:featuredmedia":[{"embeddable":true,"href":"https:\/\/tvc16.com\/portal\/wp-json\/wp\/v2\/media\/6461"}],"wp:attachment":[{"href":"https:\/\/tvc16.com\/portal\/wp-json\/wp\/v2\/media?parent=6460"}],"wp:term":[{"taxonomy":"category","embeddable":true,"href":"https:\/\/tvc16.com\/portal\/wp-json\/wp\/v2\/categories?post=6460"},{"taxonomy":"post_tag","embeddable":true,"href":"https:\/\/tvc16.com\/portal\/wp-json\/wp\/v2\/tags?post=6460"}],"curies":[{"name":"wp","href":"https:\/\/api.w.org\/{rel}","templated":true}]}}