{"id":647,"date":"2020-09-17T13:17:06","date_gmt":"2020-09-17T13:17:06","guid":{"rendered":"https:\/\/tvc16.com\/portal\/?p=647"},"modified":"2020-09-17T13:17:06","modified_gmt":"2020-09-17T13:17:06","slug":"homens-do-rio-de-janeiro-sao-flagrados-furtando-fios-de-cobre-em-petropolis","status":"publish","type":"post","link":"https:\/\/tvc16.com\/portal\/2020\/09\/17\/homens-do-rio-de-janeiro-sao-flagrados-furtando-fios-de-cobre-em-petropolis\/","title":{"rendered":"Homens do Rio de Janeiro s\u00e3o flagrados furtando fios de cobre em Petr\u00f3polis"},"content":{"rendered":"\n<p>Na quarta-feira (16) a Pol\u00edcia Militar foi informada sobre um furto de fios de cobre que estava ocorrendo na Rua Amaral Peixoto, no Quitandinha. Quando chegaram ao local os agentes abordaram dois homens, de 41 e 45 anos, que estavam em t\u00e1xi do Rio de Janeiro. Durante a revista no ve\u00edculo foi encontrada uma quantidade significativa de fios de cobre.<\/p>\n\n\n\n<p>Ambos foram levados para a 105\u00aa Delegacia de Pol\u00edcia, no Retiro, onde foi identificado ainda que o ve\u00edculo em que a dupla estava com as numera\u00e7\u00f5es de identifica\u00e7\u00e3o divergentes. Ambos foram autuados e liberados ap\u00f3s prestarem depoimento.<\/p>\n","protected":false},"excerpt":{"rendered":"<p>Na quarta-feira (16) a Pol\u00edcia Militar foi informada sobre um furto de fios de cobre<\/p>\n","protected":false},"author":2,"featured_media":648,"comment_status":"open","ping_status":"open","sticky":false,"template":"","format":"standard","meta":{"footnotes":""},"categories":[12],"tags":[],"class_list":["post-647","post","type-post","status-publish","format-standard","has-post-thumbnail","hentry","category-cidade"],"_links":{"self":[{"href":"https:\/\/tvc16.com\/portal\/wp-json\/wp\/v2\/posts\/647","targetHints":{"allow":["GET"]}}],"collection":[{"href":"https:\/\/tvc16.com\/portal\/wp-json\/wp\/v2\/posts"}],"about":[{"href":"https:\/\/tvc16.com\/portal\/wp-json\/wp\/v2\/types\/post"}],"author":[{"embeddable":true,"href":"https:\/\/tvc16.com\/portal\/wp-json\/wp\/v2\/users\/2"}],"replies":[{"embeddable":true,"href":"https:\/\/tvc16.com\/portal\/wp-json\/wp\/v2\/comments?post=647"}],"version-history":[{"count":1,"href":"https:\/\/tvc16.com\/portal\/wp-json\/wp\/v2\/posts\/647\/revisions"}],"predecessor-version":[{"id":649,"href":"https:\/\/tvc16.com\/portal\/wp-json\/wp\/v2\/posts\/647\/revisions\/649"}],"wp:featuredmedia":[{"embeddable":true,"href":"https:\/\/tvc16.com\/portal\/wp-json\/wp\/v2\/media\/648"}],"wp:attachment":[{"href":"https:\/\/tvc16.com\/portal\/wp-json\/wp\/v2\/media?parent=647"}],"wp:term":[{"taxonomy":"category","embeddable":true,"href":"https:\/\/tvc16.com\/portal\/wp-json\/wp\/v2\/categories?post=647"},{"taxonomy":"post_tag","embeddable":true,"href":"https:\/\/tvc16.com\/portal\/wp-json\/wp\/v2\/tags?post=647"}],"curies":[{"name":"wp","href":"https:\/\/api.w.org\/{rel}","templated":true}]}}