{"id":6478,"date":"2020-11-24T12:48:41","date_gmt":"2020-11-24T15:48:41","guid":{"rendered":"https:\/\/tvc16.com\/portal\/?p=6478"},"modified":"2020-11-24T12:48:43","modified_gmt":"2020-11-24T15:48:43","slug":"parlamento-europeu-quer-tirar-700-mil-sem-abrigo-das-ruas-ate-2030","status":"publish","type":"post","link":"https:\/\/tvc16.com\/portal\/2020\/11\/24\/parlamento-europeu-quer-tirar-700-mil-sem-abrigo-das-ruas-ate-2030\/","title":{"rendered":"Parlamento Europeu quer tirar 700 mil sem-abrigo das ruas at\u00e9 2030"},"content":{"rendered":"\n<h3 class=\"wp-block-heading\">Apelo foi feito por parlamentares \u00e0 Uni\u00e3o Europeia<\/h3>\n\n\n\n<p>O Parlamento Europeu apelou&nbsp;hoje (24) aos Estados-membros da Uni\u00e3o Europeia (UE) para adotarem medidas a fim de&nbsp;tirar das ruas at\u00e9 2030 todos os sem-abrigo, cujo n\u00famero aumentou 70% na \u00faltima d\u00e9cada para 700 mil.<img decoding=\"async\" src=\"https:\/\/agenciabrasil.ebc.com.br\/ebc.png?id=1394324&amp;o=node\"><img decoding=\"async\" src=\"https:\/\/agenciabrasil.ebc.com.br\/ebc.gif?id=1394324&amp;o=node\"><\/p>\n\n\n\n<p>Em resolu\u00e7\u00e3o&nbsp;aprovada nesta ter\u00e7a-feira na sess\u00e3o plen\u00e1ria da assembleia europeia, que ocorre&nbsp;em Bruxelas, na B\u00e9lgica, os eurodeputados destacam&nbsp;que &#8220;a habita\u00e7\u00e3o \u00e9 um direito humano fundamental e pedem a\u00e7\u00e3o mais robusta por parte da Comiss\u00e3o Europeia e dos Estados-membros para erradicar o problema dos sem-abrigo at\u00e9 2030&#8221;.<\/p>\n\n\n\n<p>No texto, aprovado com 647 votos a favor, 13 contra e 32 absten\u00e7\u00f5es, o Parlamento Europeu cita&nbsp;a situa\u00e7\u00e3o prec\u00e1ria dos mais de 700 mil sem-abrigo na Europa, n\u00famero que aumentou 70% nos \u00faltimos dez anos.<\/p>\n\n\n\n<p>Os eurodeputados sugerem v\u00e1rias medidas a serem adotadas pelos pa\u00edses da UE para atingir esse objetivo, entre elas&nbsp;assumir a responsabilidade de enfrentar o problema e trabalhar na preven\u00e7\u00e3o e interven\u00e7\u00e3o precoce e apostar na descriminaliza\u00e7\u00e3o da situa\u00e7\u00e3o de sem-abrigo, na garantia de acesso igual aos servi\u00e7os p\u00fablicos (cuidados de sa\u00fade, educa\u00e7\u00e3o e servi\u00e7os sociais) e ainda no apoio \u00e0 integra\u00e7\u00e3o no mercado de trabalho.<\/p>\n\n\n\n<p>&#8220;Os Estados-membros devem tamb\u00e9m adotar o princ\u00edpio de `Habita\u00e7\u00e3o Primeiro`, que ajuda a reduzir significativamente o n\u00famero de sem-abrigo por meio&nbsp;da introdu\u00e7\u00e3o de planos de a\u00e7\u00e3o e abordagens inovadoras baseadas no conceito de um lar enquanto direito humano fundamental&#8221;, dizem os parlamentares&nbsp;no documento.<\/p>\n\n\n\n<p>Al\u00e9m disso, para acabar com o problema dos sem-abrigo, a Comiss\u00e3o Europeia dever\u00e1 apoiar os Estados-membros, melhorar o monitoramento, manter as contribui\u00e7\u00f5es financeiras e apresentar um quadro europeu de estrat\u00e9gias nacionais para essa popula\u00e7\u00e3o&#8221;, acrescentam.<\/p>\n\n\n\n<p>A assembleia europeia quer&nbsp;ainda&nbsp;que sejam alocadas verbas do novo Quadro Financeiro Plurianual (2021-2027) e do Mecanismo de Recupera\u00e7\u00e3o e Resili\u00eancia para melhorar as oportunidades de trabalho e a integra\u00e7\u00e3o social dos agregados familiares sem emprego.<\/p>\n\n\n\n<p>O texto&nbsp;aprovado tem por base peti\u00e7\u00f5es que chegaram \u00e0 comiss\u00e3o parlamentar encarregada&nbsp;dessas iniciativas de cidadania sobre o &#8220;aumento do n\u00famero de pessoas sem abrigo da UE&#8221;, apelando \u00e0 ado\u00e7\u00e3o de medidas.<\/p>\n\n\n\n<p>Em meio \u00e0 severa crise na Europa gerada pela pandemia de covid-19, alguns relat\u00f3rios admitem que essa perda de rendimentos possa levar a um incremento no n\u00famero de sem-abrigo.<\/p>\n","protected":false},"excerpt":{"rendered":"<p>Apelo foi feito por parlamentares \u00e0 Uni\u00e3o Europeia O Parlamento Europeu apelou&nbsp;hoje (24) aos Estados-membros<\/p>\n","protected":false},"author":2,"featured_media":6479,"comment_status":"open","ping_status":"open","sticky":false,"template":"","format":"standard","meta":{"footnotes":""},"categories":[22],"tags":[],"class_list":["post-6478","post","type-post","status-publish","format-standard","has-post-thumbnail","hentry","category-internacional"],"_links":{"self":[{"href":"https:\/\/tvc16.com\/portal\/wp-json\/wp\/v2\/posts\/6478","targetHints":{"allow":["GET"]}}],"collection":[{"href":"https:\/\/tvc16.com\/portal\/wp-json\/wp\/v2\/posts"}],"about":[{"href":"https:\/\/tvc16.com\/portal\/wp-json\/wp\/v2\/types\/post"}],"author":[{"embeddable":true,"href":"https:\/\/tvc16.com\/portal\/wp-json\/wp\/v2\/users\/2"}],"replies":[{"embeddable":true,"href":"https:\/\/tvc16.com\/portal\/wp-json\/wp\/v2\/comments?post=6478"}],"version-history":[{"count":1,"href":"https:\/\/tvc16.com\/portal\/wp-json\/wp\/v2\/posts\/6478\/revisions"}],"predecessor-version":[{"id":6480,"href":"https:\/\/tvc16.com\/portal\/wp-json\/wp\/v2\/posts\/6478\/revisions\/6480"}],"wp:featuredmedia":[{"embeddable":true,"href":"https:\/\/tvc16.com\/portal\/wp-json\/wp\/v2\/media\/6479"}],"wp:attachment":[{"href":"https:\/\/tvc16.com\/portal\/wp-json\/wp\/v2\/media?parent=6478"}],"wp:term":[{"taxonomy":"category","embeddable":true,"href":"https:\/\/tvc16.com\/portal\/wp-json\/wp\/v2\/categories?post=6478"},{"taxonomy":"post_tag","embeddable":true,"href":"https:\/\/tvc16.com\/portal\/wp-json\/wp\/v2\/tags?post=6478"}],"curies":[{"name":"wp","href":"https:\/\/api.w.org\/{rel}","templated":true}]}}