{"id":6493,"date":"2020-11-24T16:37:19","date_gmt":"2020-11-24T19:37:19","guid":{"rendered":"https:\/\/tvc16.com\/portal\/?p=6493"},"modified":"2020-11-24T16:37:22","modified_gmt":"2020-11-24T19:37:22","slug":"empresas-de-onibus-ampliam-higienizacao-da-frota-em-petropolis","status":"publish","type":"post","link":"https:\/\/tvc16.com\/portal\/2020\/11\/24\/empresas-de-onibus-ampliam-higienizacao-da-frota-em-petropolis\/","title":{"rendered":"Empresas de \u00f4nibus ampliam higieniza\u00e7\u00e3o da frota em Petr\u00f3polis"},"content":{"rendered":"\n<p>As empresas de \u00f4nibus seguem ampliando e intensificando, atrav\u00e9s de suas equipes de limpeza, os trabalhos de higieniza\u00e7\u00e3o em toda a frota em Petr\u00f3polis. Os procedimentos tamb\u00e9m acontecem diariamente, desde o in\u00edcio da pandemia, nas garagens, terminais e pontos de \u00f4nibus com grande fluxo de pessoas, e t\u00eam como finalidade combater a dissemina\u00e7\u00e3o do novo coronav\u00edrus.<\/p>\n\n\n\n<p>Al\u00e9m das medidas de limpeza, as empresas de \u00f4nibus seguem orientando aos colaboradores a ado\u00e7\u00e3o de pr\u00e1ticas de preven\u00e7\u00e3o, assim como a diminui\u00e7\u00e3o do contato com os passageiros.<\/p>\n\n\n\n<p>\u201cO trabalho de higieniza\u00e7\u00e3o est\u00e1 sendo feito sistematicamente, sem qualquer tipo de pausa. Ainda assim, contamos com a ajuda dos nossos clientes, pois cada cidad\u00e3o precisa ser respons\u00e1vel por manter seus cuidados pessoais de higiene e preven\u00e7\u00e3o, o que faz grande diferen\u00e7a nesse momento\u201d, disse Carla Rivetti, gerente do Setranspetro.<\/p>\n\n\n\n<p>As empresas de \u00f4nibus refor\u00e7am que, assim como em qualquer ambiente no munic\u00edpio, \u00e9 obrigat\u00f3rio o uso de m\u00e1scara de prote\u00e7\u00e3o respirat\u00f3ria nos coletivos. Ainda com rela\u00e7\u00e3o \u00e0 higiene pessoal, \u00e9 recomendado que o cliente utilize o cart\u00e3o Riocard Mais como meio de pagamento de passagem, ao inv\u00e9s do dinheiro, j\u00e1 que o cart\u00e3o permite ser higienizado e diminui a propaga\u00e7\u00e3o de v\u00edrus, bact\u00e9rias e fungos.<\/p>\n\n\n\n<p>Durante o deslocamento no transporte p\u00fablico, \u00e9 necess\u00e1rio que os passageiros mantenham abertas as janelas dos \u00f4nibus. Segundo os par\u00e2metros estabelecidos pela Associa\u00e7\u00e3o Brasileira de Normas T\u00e9cnicas (ABNT), a renova\u00e7\u00e3o do ar no interior dos coletivos \u00e9 63% superior que a vaz\u00e3o exigida em ambientes fechados como supermercados e bancos.<\/p>\n\n\n\n<p>O Setranspetro ainda sugere que as autoridades dos mais variados segmentos e servi\u00e7os econ\u00f4micos pensem em uma organiza\u00e7\u00e3o sistem\u00e1tica alternativa de libera\u00e7\u00e3o de entrada e sa\u00edda de pessoas em diferentes hor\u00e1rios, evitando assim a aglomera\u00e7\u00e3o destes nos pontos de \u00f4nibus e coletivos.<\/p>\n\n\n\n<p>Atualmente, a opera\u00e7\u00e3o \u00e9 realizada de forma din\u00e2mica e adequada \u00e0 demanda do momento, seguindo o plano de abertura gradual das atividades econ\u00f4micas e sociais da cidade. Com oferta superior \u00e0 demanda, as empresas seguem atentas e preparadas para efetuar adapta\u00e7\u00f5es di\u00e1rias e semanais, tendo como objetivo garantir a circula\u00e7\u00e3o dos \u00f4nibus.<\/p>\n","protected":false},"excerpt":{"rendered":"<p>As empresas de \u00f4nibus seguem ampliando e intensificando, atrav\u00e9s de suas equipes de limpeza, os<\/p>\n","protected":false},"author":2,"featured_media":6494,"comment_status":"open","ping_status":"open","sticky":false,"template":"","format":"standard","meta":{"footnotes":""},"categories":[12],"tags":[],"class_list":["post-6493","post","type-post","status-publish","format-standard","has-post-thumbnail","hentry","category-cidade"],"_links":{"self":[{"href":"https:\/\/tvc16.com\/portal\/wp-json\/wp\/v2\/posts\/6493","targetHints":{"allow":["GET"]}}],"collection":[{"href":"https:\/\/tvc16.com\/portal\/wp-json\/wp\/v2\/posts"}],"about":[{"href":"https:\/\/tvc16.com\/portal\/wp-json\/wp\/v2\/types\/post"}],"author":[{"embeddable":true,"href":"https:\/\/tvc16.com\/portal\/wp-json\/wp\/v2\/users\/2"}],"replies":[{"embeddable":true,"href":"https:\/\/tvc16.com\/portal\/wp-json\/wp\/v2\/comments?post=6493"}],"version-history":[{"count":1,"href":"https:\/\/tvc16.com\/portal\/wp-json\/wp\/v2\/posts\/6493\/revisions"}],"predecessor-version":[{"id":6495,"href":"https:\/\/tvc16.com\/portal\/wp-json\/wp\/v2\/posts\/6493\/revisions\/6495"}],"wp:featuredmedia":[{"embeddable":true,"href":"https:\/\/tvc16.com\/portal\/wp-json\/wp\/v2\/media\/6494"}],"wp:attachment":[{"href":"https:\/\/tvc16.com\/portal\/wp-json\/wp\/v2\/media?parent=6493"}],"wp:term":[{"taxonomy":"category","embeddable":true,"href":"https:\/\/tvc16.com\/portal\/wp-json\/wp\/v2\/categories?post=6493"},{"taxonomy":"post_tag","embeddable":true,"href":"https:\/\/tvc16.com\/portal\/wp-json\/wp\/v2\/tags?post=6493"}],"curies":[{"name":"wp","href":"https:\/\/api.w.org\/{rel}","templated":true}]}}