{"id":6496,"date":"2020-11-24T16:47:07","date_gmt":"2020-11-24T19:47:07","guid":{"rendered":"https:\/\/tvc16.com\/portal\/?p=6496"},"modified":"2020-11-24T16:47:13","modified_gmt":"2020-11-24T19:47:13","slug":"senado-aprova-compensacao-de-r-58-bilhoes-aos-estados-e-municipios","status":"publish","type":"post","link":"https:\/\/tvc16.com\/portal\/2020\/11\/24\/senado-aprova-compensacao-de-r-58-bilhoes-aos-estados-e-municipios\/","title":{"rendered":"Senado aprova compensa\u00e7\u00e3o de R$ 58 bilh\u00f5es aos Estados e Munic\u00edpios"},"content":{"rendered":"\n<p>Se o texto tamb\u00e9m avan\u00e7ar no Plen\u00e1rio, as unidades da federa\u00e7\u00e3o receber\u00e3o o primeiro montante de R$ 4 bilh\u00f5es ainda neste ano, sendo R$ 1 bilh\u00e3o para os Munic\u00edpios<\/p>\n\n\n\n<p>A proposta de transfer\u00eancia obrigat\u00f3ria da ordem de R$ 58 bilh\u00f5es da Uni\u00e3o para os Estados, Munic\u00edpios e o Distrito Federal deu o primeiro passo positivo no Congresso Nacional. O Projeto de Lei Complementar (PLP) 133\/2020, de autoria do senador Wellington Fagundes (PL\/MT) deve servir para compensar as perdas causadas pela Lei Kandir, que desonerou produtos destinados \u00e0 exporta\u00e7\u00e3o no passado. A medida prop\u00f5e a vig\u00eancia de 18 anos para os pagamentos. Agora, ap\u00f3s os 70 votos favor\u00e1veis no Senado, o texto segue para ser apreciado na C\u00e2mara dos Deputados.&nbsp;<\/p>\n\n\n\n<p>A Lei Kandir foi feita pelo ent\u00e3o ministro do Planejamento Antonio Kandir, no governo de Fernando Henrique Cardoso, em 1996, e teve o objetivo de dar maior competitividade ao produto brasileiro no mercado internacional. Mas a medida sempre provocou pol\u00eamica entre os governadores e exportadores, que alegam perda de arrecada\u00e7\u00e3o devido \u00e0 isen\u00e7\u00e3o do imposto nesses produtos.<\/p>\n\n\n\n<p><strong><a href=\"https:\/\/brasil61.com\/noticias\/prorrogacao-da-desoneracao-da-folha-de-pagamento-deve-preservar-empregos-em-setores-importantes-da-economia-de-pernambuco-pind202270\">Prorroga\u00e7\u00e3o da desonera\u00e7\u00e3o da folha de pagamento deve preservar empregos em setores importantes da economia de Pernambuco<\/a><\/strong><\/p>\n\n\n\n<p><strong><a href=\"https:\/\/brasil61.com\/noticias\/governo-federal-economiza-com-teletrabalho-mas-aumenta-os-custos-em-70-no-primeiro-semestre-devido-a-pandemia-bras202708\">Governo Federal economiza com teletrabalho, mas aumenta os custos em 70% no primeiro semestre devido a pandemia<\/a><\/strong><\/p>\n\n\n\n<p><strong><a href=\"https:\/\/brasil61.com\/noticias\/prorrogacao-da-desoneracao-da-folha-de-pagamento-pode-beneficiar-industrias-calcadista-de-couros-e-texteis-do-ceara-pind202271\">Prorroga\u00e7\u00e3o da desonera\u00e7\u00e3o da folha de pagamento pode beneficiar ind\u00fastrias cal\u00e7adista, de couros e t\u00eaxteis do Cear\u00e1<\/a><\/strong><\/p>\n\n\n\n<p>At\u00e9 2003, a Lei Kandir garantiu aos estados o repasse de valores a t\u00edtulo de compensa\u00e7\u00e3o, mas, a partir de 2004, uma Lei Complementar (115\/2004), deixou de fixar o valor. Para o economista Newton Marques, a promessa do governo feita \u00e0s unidades da federa\u00e7\u00e3o nunca foi cumprida.&nbsp;<\/p>\n\n\n\n<p>\u201cNaquela \u00e9poca o Governo Federal prometeu haver compensa\u00e7\u00e3o com rela\u00e7\u00e3o a retirada do ICMS para os estados e munic\u00edpios e nunca houve essa compensa\u00e7\u00e3o. Ent\u00e3o, agora, finalmente o poder legislativo resolveu assumir o reparo dessa medida\u201d, avaliou.<\/p>\n\n\n\n<p>De acordo com a supervisora do n\u00facleo de desenvolvimento econ\u00f4mico do<a href=\"https:\/\/www.cnm.org.br\/comunicacao\/noticias\/conquista-senado-aprova-projeto-que-garante-a-compensacao-da-lei-kandir-texto-segue-para-a-camara\"> Confedera\u00e7\u00e3o Nacional de Munic\u00edpios (CNM), Thalyta Alves, o avan\u00e7o feito na casa legislativa<\/a> vem com quase dois anos de atraso, mas \u00e9 considerada positiva.&nbsp;<\/p>\n\n\n\n<p>\u201cDesde de o in\u00edcio de 2019 os munic\u00edpios e os estados n\u00e3o recebem os repasses da&nbsp;Lei Kandir que \u00e9 em torno de R$ 1,6 bilh\u00e3o. Esse valor era creditado normalmente&nbsp;todos anos e, em fun\u00e7\u00e3o justamente da aus\u00eancia de acordo, tanto no \u00e2mbito do&nbsp;Congresso quanto no \u00e2mbito, antes, judici\u00e1rio, n\u00e3o havia nenhuma defini\u00e7\u00e3o. Por&nbsp;isso as discuss\u00f5es continuam e os entes n\u00e3o recebem absolutamente nada\u201d, pontuou.<\/p>\n\n\n\n<p>Em 2016, ao julgar um recurso do governo&nbsp;do Par\u00e1, o Supremo Tribunal Federal (STF) deu ao Congresso Nacional prazo de um ano para aprovar uma lei fixando novos crit\u00e9rios para compensa\u00e7\u00e3o.<\/p>\n\n\n\n<p>Os ministros decidiram tamb\u00e9m que, se o Congresso n\u00e3o aprovasse a Lei at\u00e9 agosto de 2018, caberia ao Tribunal de Contas da Uni\u00e3o (TCU) fixar regras de repasse e calcular as cotas de cada estado. &nbsp;Sem resultado na casa legislativa, a entidade concluiu que o Governo Federal n\u00e3o precisava mais ressarcir os estados, e o impasse voltou a ser uma preocupa\u00e7\u00e3o de governadores e prefeitos.&nbsp;<\/p>\n\n\n\n<p>Se o texto tamb\u00e9m avan\u00e7ar no Plen\u00e1rio, os Estados e Munic\u00edpios receber\u00e3o o primeiro repasse &#8211; no montante de R$ 4 bilh\u00f5es &#8211; ainda neste ano, sendo 75% para o Estado e 25%, ou seja, R$ 1 bilh\u00e3o para os Munic\u00edpios. De 2020 a 2030, ser\u00e3o entregues, a cada exerc\u00edcio, R$ 4 bilh\u00f5es e de 2031 a 2037, esse montante ser\u00e1 reduzido progressivamente em R$ 500 milh\u00f5es a cada exerc\u00edcio.&nbsp;<\/p>\n\n\n\n<figure class=\"wp-block-image\"><img decoding=\"async\" src=\"\/\/s3-sa-east-1.amazonaws.com\/agencia-radio-arb\/3212\/content_Lei-Kandir.png\" alt=\"\"\/><\/figure>\n\n\n\n<p>Fonte: <a href=\"https:\/\/brasil61.com\/noticias\/senado-aprova-a-compensacao-da-ordem-de-r-58-bilhoes-aos-estados-e-municipios-bras202729?email=bethdeoliveira@yahoo.com.br&amp;utm_source=newsletter&amp;utm_medium=newsletter&amp;utm_campaign=newsletter\" target=\"_blank\" rel=\"noreferrer noopener\">Brasil 61<\/a><\/p>\n","protected":false},"excerpt":{"rendered":"<p>Se o texto tamb\u00e9m avan\u00e7ar no Plen\u00e1rio, as unidades da federa\u00e7\u00e3o receber\u00e3o o primeiro montante<\/p>\n","protected":false},"author":2,"featured_media":6497,"comment_status":"open","ping_status":"open","sticky":false,"template":"","format":"standard","meta":{"footnotes":""},"categories":[18],"tags":[],"class_list":["post-6496","post","type-post","status-publish","format-standard","has-post-thumbnail","hentry","category-economia"],"_links":{"self":[{"href":"https:\/\/tvc16.com\/portal\/wp-json\/wp\/v2\/posts\/6496","targetHints":{"allow":["GET"]}}],"collection":[{"href":"https:\/\/tvc16.com\/portal\/wp-json\/wp\/v2\/posts"}],"about":[{"href":"https:\/\/tvc16.com\/portal\/wp-json\/wp\/v2\/types\/post"}],"author":[{"embeddable":true,"href":"https:\/\/tvc16.com\/portal\/wp-json\/wp\/v2\/users\/2"}],"replies":[{"embeddable":true,"href":"https:\/\/tvc16.com\/portal\/wp-json\/wp\/v2\/comments?post=6496"}],"version-history":[{"count":1,"href":"https:\/\/tvc16.com\/portal\/wp-json\/wp\/v2\/posts\/6496\/revisions"}],"predecessor-version":[{"id":6498,"href":"https:\/\/tvc16.com\/portal\/wp-json\/wp\/v2\/posts\/6496\/revisions\/6498"}],"wp:featuredmedia":[{"embeddable":true,"href":"https:\/\/tvc16.com\/portal\/wp-json\/wp\/v2\/media\/6497"}],"wp:attachment":[{"href":"https:\/\/tvc16.com\/portal\/wp-json\/wp\/v2\/media?parent=6496"}],"wp:term":[{"taxonomy":"category","embeddable":true,"href":"https:\/\/tvc16.com\/portal\/wp-json\/wp\/v2\/categories?post=6496"},{"taxonomy":"post_tag","embeddable":true,"href":"https:\/\/tvc16.com\/portal\/wp-json\/wp\/v2\/tags?post=6496"}],"curies":[{"name":"wp","href":"https:\/\/api.w.org\/{rel}","templated":true}]}}