{"id":6506,"date":"2020-11-24T17:35:54","date_gmt":"2020-11-24T20:35:54","guid":{"rendered":"https:\/\/tvc16.com\/portal\/?p=6506"},"modified":"2020-11-24T17:35:59","modified_gmt":"2020-11-24T20:35:59","slug":"governador-nomeia-novo-secretario-de-desenvolvimento-economico-energia-e-relacoes-internacionais","status":"publish","type":"post","link":"https:\/\/tvc16.com\/portal\/2020\/11\/24\/governador-nomeia-novo-secretario-de-desenvolvimento-economico-energia-e-relacoes-internacionais\/","title":{"rendered":"Governador nomeia novo secret\u00e1rio de Desenvolvimento Econ\u00f4mico, Energia e Rela\u00e7\u00f5es Internacionais"},"content":{"rendered":"\n<p>O governador em exerc\u00edcio Cl\u00e1udio Castro nomeou o doutor em Engenharia Metal\u00fargica e de Materiais Nelson Cesar Chaves Pinto Furtado como novo secret\u00e1rio de Desenvolvimento Econ\u00f4mico, Energia e Rela\u00e7\u00f5es Internacionais. Ele assumiu a pasta no lugar de Marcelo Lopes da Silva, a partir desta ter\u00e7a-feira (24\/11), com a publica\u00e7\u00e3o da substitui\u00e7\u00e3o no Di\u00e1rio Oficial.<\/p>\n\n\n\n<p>Com doutorado pela Coppe\/UFRJ, Nelson Furtado possui mestrados em Geologia, tamb\u00e9m pela UFRJ, e pelo Centre National de la Recherche Scientifique, na Fran\u00e7a, al\u00e9m de especializa\u00e7\u00e3o em Qu\u00edmica pela PUC-RJ. No Governo do Rio, j\u00e1 atuou na Secretaria de Ci\u00eancia e Tecnologia, na Funda\u00e7\u00e3o de Amparo \u00e0 Pesquisa do Estado (Faperj) e coordenou o Programa Rio Biodiesel. &nbsp;<\/p>\n\n\n\n<p>&#8211; O trabalho de coordenar as a\u00e7\u00f5es que impulsionem o desenvolvimento do estado \u00e9 fundamental, principalmente no momento atual em que estamos buscando retomar o rumo do crescimento ap\u00f3s a maior crise j\u00e1 vivida por nossa gera\u00e7\u00e3o. Por sua grande experi\u00eancia, Nelson Furtado tem total capacidade para estar \u00e0 frente desse processo. Quero ainda fazer agradecimento a Marcelo Lopes, que conduziu a secretaria at\u00e9 aqui \u2013 disse o governador Cl\u00e1udio Castro.<\/p>\n\n\n\n<p><strong>Cr\u00e9dito da foto:<\/strong>&nbsp;Carlos Magno<\/p>\n","protected":false},"excerpt":{"rendered":"<p>O governador em exerc\u00edcio Cl\u00e1udio Castro nomeou o doutor em Engenharia Metal\u00fargica e de Materiais<\/p>\n","protected":false},"author":2,"featured_media":6512,"comment_status":"open","ping_status":"open","sticky":false,"template":"","format":"standard","meta":{"footnotes":""},"categories":[17],"tags":[],"class_list":["post-6506","post","type-post","status-publish","format-standard","has-post-thumbnail","hentry","category-outras-noticias"],"_links":{"self":[{"href":"https:\/\/tvc16.com\/portal\/wp-json\/wp\/v2\/posts\/6506","targetHints":{"allow":["GET"]}}],"collection":[{"href":"https:\/\/tvc16.com\/portal\/wp-json\/wp\/v2\/posts"}],"about":[{"href":"https:\/\/tvc16.com\/portal\/wp-json\/wp\/v2\/types\/post"}],"author":[{"embeddable":true,"href":"https:\/\/tvc16.com\/portal\/wp-json\/wp\/v2\/users\/2"}],"replies":[{"embeddable":true,"href":"https:\/\/tvc16.com\/portal\/wp-json\/wp\/v2\/comments?post=6506"}],"version-history":[{"count":1,"href":"https:\/\/tvc16.com\/portal\/wp-json\/wp\/v2\/posts\/6506\/revisions"}],"predecessor-version":[{"id":6513,"href":"https:\/\/tvc16.com\/portal\/wp-json\/wp\/v2\/posts\/6506\/revisions\/6513"}],"wp:featuredmedia":[{"embeddable":true,"href":"https:\/\/tvc16.com\/portal\/wp-json\/wp\/v2\/media\/6512"}],"wp:attachment":[{"href":"https:\/\/tvc16.com\/portal\/wp-json\/wp\/v2\/media?parent=6506"}],"wp:term":[{"taxonomy":"category","embeddable":true,"href":"https:\/\/tvc16.com\/portal\/wp-json\/wp\/v2\/categories?post=6506"},{"taxonomy":"post_tag","embeddable":true,"href":"https:\/\/tvc16.com\/portal\/wp-json\/wp\/v2\/tags?post=6506"}],"curies":[{"name":"wp","href":"https:\/\/api.w.org\/{rel}","templated":true}]}}