{"id":6517,"date":"2020-11-24T18:00:58","date_gmt":"2020-11-24T21:00:58","guid":{"rendered":"https:\/\/tvc16.com\/portal\/?p=6517"},"modified":"2020-11-24T18:01:01","modified_gmt":"2020-11-24T21:01:01","slug":"festa-de-nossa-senhora-das-gracas-comeca-neste-terca-feira-24","status":"publish","type":"post","link":"https:\/\/tvc16.com\/portal\/2020\/11\/24\/festa-de-nossa-senhora-das-gracas-comeca-neste-terca-feira-24\/","title":{"rendered":"Festa de Nossa Senhora das Gra\u00e7as come\u00e7a neste ter\u00e7a-feira (24)"},"content":{"rendered":"\n<p>Para os fi\u00e9is de Nossa Senhora das Gra\u00e7as, esta ter\u00e7a-feira j\u00e1 \u00e9 aben\u00e7oada. Come\u00e7a hoje e segue at\u00e9 \u00e1 pr\u00f3xima sexta-feira, a festa da Virgem.<\/p>\n\n\n\n<p>Quem \u00e9 devoto sabe que o dia 27 de novembro \u00e9 a data que se comemora o Dia de Nossa Senhora das Gra\u00e7as. Segue a programa\u00e7\u00e3o da Par\u00f3quia S\u00e3o Jos\u00e9 do Itamarati.<\/p>\n\n\n\n<p>Para comemorar, sem aglomera\u00e7\u00e3o, este ano ser\u00e3o duas missas, uma \u00e0s 15h e outra \u00e0s 20h.<\/p>\n\n\n\n<p>                                   <strong>Confira a programa\u00e7\u00e3o da semana<\/strong><\/p>\n\n\n\n<figure class=\"wp-block-image size-large is-resized\"><img loading=\"lazy\" decoding=\"async\" src=\"https:\/\/tvc16.com\/portal\/wp-content\/uploads\/2020\/11\/IMG-20201124-WA0021-1-1024x1024.jpg\" alt=\"\" class=\"wp-image-6519\" width=\"531\" height=\"531\" srcset=\"https:\/\/tvc16.com\/portal\/wp-content\/uploads\/2020\/11\/IMG-20201124-WA0021-1-1024x1024.jpg 1024w, https:\/\/tvc16.com\/portal\/wp-content\/uploads\/2020\/11\/IMG-20201124-WA0021-1-300x300.jpg 300w, https:\/\/tvc16.com\/portal\/wp-content\/uploads\/2020\/11\/IMG-20201124-WA0021-1-150x150.jpg 150w, https:\/\/tvc16.com\/portal\/wp-content\/uploads\/2020\/11\/IMG-20201124-WA0021-1-768x768.jpg 768w, https:\/\/tvc16.com\/portal\/wp-content\/uploads\/2020\/11\/IMG-20201124-WA0021-1.jpg 1280w\" sizes=\"auto, (max-width: 531px) 100vw, 531px\" \/><\/figure>\n\n\n\n<p>                                           <strong>O papel da Virgem Maria<\/strong><\/p>\n\n\n\n<p>\u00c9 interessante lembrar que Nossa Senhora \u00e9 despenseira, ou seja, uma \u201cdistribuidora\u201d de gra\u00e7as. As gra\u00e7as s\u00e3o de Deus e s\u00f3 Ele pode d\u00e1-las. Mas, em sua miseric\u00f3rdia, o senhor escolheu distribui-las pelas m\u00e3os de sua m\u00e3e, Maria. Esta \u00e9 a maravilha da nossa f\u00e9. Milh\u00f5es de gra\u00e7as est\u00e3o nas m\u00e3os de Nossa Senhora e ela quer distribu\u00ed-las a seus filhos. \u00c9 vontade de Deus que assim seja. Por isso, vamos pedir a ela, com f\u00e9. S\u00e3o Bernardo de Claraval dizia que\u00a0<em>\u201cNunca se ouviu dizer que ela n\u00e3o atendeu a quem pediu com f\u00e9.\u201d<\/em>\u00a0Esta realidade maravilhosa \u00e9 testemunhada por milh\u00f5es de pessoas, ao longo de s\u00e9culos. Por isso, n\u00e3o deixe de fazer seus pedidos \u00e0 M\u00e3e Celestial. E n\u00e3o deixe tamb\u00e9m de usar a bendita Medalha Milagrosa de Nossa Senhora das Gra\u00e7as. E grandes gra\u00e7as v\u00e3o acontecer na sua vida.<\/p>\n","protected":false},"excerpt":{"rendered":"<p>Para os fi\u00e9is de Nossa Senhora das Gra\u00e7as, esta ter\u00e7a-feira j\u00e1 \u00e9 aben\u00e7oada. Come\u00e7a hoje<\/p>\n","protected":false},"author":2,"featured_media":6520,"comment_status":"open","ping_status":"open","sticky":false,"template":"","format":"standard","meta":{"footnotes":""},"categories":[12],"tags":[],"class_list":["post-6517","post","type-post","status-publish","format-standard","has-post-thumbnail","hentry","category-cidade"],"_links":{"self":[{"href":"https:\/\/tvc16.com\/portal\/wp-json\/wp\/v2\/posts\/6517","targetHints":{"allow":["GET"]}}],"collection":[{"href":"https:\/\/tvc16.com\/portal\/wp-json\/wp\/v2\/posts"}],"about":[{"href":"https:\/\/tvc16.com\/portal\/wp-json\/wp\/v2\/types\/post"}],"author":[{"embeddable":true,"href":"https:\/\/tvc16.com\/portal\/wp-json\/wp\/v2\/users\/2"}],"replies":[{"embeddable":true,"href":"https:\/\/tvc16.com\/portal\/wp-json\/wp\/v2\/comments?post=6517"}],"version-history":[{"count":1,"href":"https:\/\/tvc16.com\/portal\/wp-json\/wp\/v2\/posts\/6517\/revisions"}],"predecessor-version":[{"id":6521,"href":"https:\/\/tvc16.com\/portal\/wp-json\/wp\/v2\/posts\/6517\/revisions\/6521"}],"wp:featuredmedia":[{"embeddable":true,"href":"https:\/\/tvc16.com\/portal\/wp-json\/wp\/v2\/media\/6520"}],"wp:attachment":[{"href":"https:\/\/tvc16.com\/portal\/wp-json\/wp\/v2\/media?parent=6517"}],"wp:term":[{"taxonomy":"category","embeddable":true,"href":"https:\/\/tvc16.com\/portal\/wp-json\/wp\/v2\/categories?post=6517"},{"taxonomy":"post_tag","embeddable":true,"href":"https:\/\/tvc16.com\/portal\/wp-json\/wp\/v2\/tags?post=6517"}],"curies":[{"name":"wp","href":"https:\/\/api.w.org\/{rel}","templated":true}]}}