{"id":6525,"date":"2020-11-24T18:07:35","date_gmt":"2020-11-24T21:07:35","guid":{"rendered":"https:\/\/tvc16.com\/portal\/?p=6525"},"modified":"2020-11-24T18:07:37","modified_gmt":"2020-11-24T21:07:37","slug":"caixa-credita-auxilio-dos-ciclos-3-e-4-para-os-nascidos-em-junho","status":"publish","type":"post","link":"https:\/\/tvc16.com\/portal\/2020\/11\/24\/caixa-credita-auxilio-dos-ciclos-3-e-4-para-os-nascidos-em-junho\/","title":{"rendered":"Caixa credita aux\u00edlio, dos ciclos 3 e 4, para os nascidos em junho"},"content":{"rendered":"\n<h3 class=\"wp-block-heading\">Benefici\u00e1rios do Bolsa Fam\u00edlia de NIS final 6 tamb\u00e9m recebem hoje<\/h3>\n\n\n\n<h4 class=\"wp-block-heading\">Por Ag\u00eancia Brasil* &#8211; Bras\u00edlia<\/h4>\n\n\n\n<p>Cerca de 3,6 milh\u00f5es de benefici\u00e1rios do Aux\u00edlio Emergencial dos ciclos 3 e 4, nascidos em junho, podem sacar ou transferir os recursos do programa. Nesta ter\u00e7a-feira (24), foram creditados R$ 3 bilh\u00f5es.<img decoding=\"async\" src=\"https:\/\/agenciabrasil.ebc.com.br\/ebc.png?id=1394335&amp;o=node\"><img decoding=\"async\" src=\"https:\/\/agenciabrasil.ebc.com.br\/ebc.gif?id=1394335&amp;o=node\"><\/p>\n\n\n\n<p>De acordo com a Caixa, desse total, R$ 1,3 bilh\u00e3o s\u00e3o referentes \u00e0s parcelas do Aux\u00edlio Emergencial e o restante, R$ 1,7 bilh\u00e3o, do Aux\u00edlio Emergencial Extens\u00e3o.<\/p>\n\n\n\n<p>O benef\u00edcio &#8211; criado em abril pelo governo federal &#8211; foi estendido at\u00e9 31 de dezembro por meio da&nbsp;<a href=\"https:\/\/www.in.gov.br\/en\/web\/dou\/-\/medida-provisoria-n-1.000-de-2-de-setembro-de-2020-275657334\" target=\"_blank\" rel=\"noreferrer noopener\">Medida Provis\u00f3ria (MP) n\u00ba 1000<\/a>. O Aux\u00edlio Emergencial Extens\u00e3o ser\u00e1 pago em at\u00e9 quatro parcelas de R$ 300 cada e, no caso das m\u00e3es chefes de fam\u00edlia monoparental, o valor \u00e9 de R$ 600.<\/p>\n\n\n\n<h2 class=\"wp-block-heading\">Bolsa Fam\u00edlia<\/h2>\n\n\n\n<p>Tamb\u00e9m nesta ter\u00e7a-feira, a Caixa realiza o pagamento da terceira parcela do Aux\u00edlio Emergencial Extens\u00e3o para os benefici\u00e1rios do Bolsa Fam\u00edlia.<\/p>\n\n\n\n<p>Cerca de 1,6 milh\u00e3o de pessoas com final de NIS (N\u00famero de Identifica\u00e7\u00e3o Social) 6 receber\u00e3o R$ 421,9 milh\u00f5es.<\/p>\n\n\n\n<p>Durante todo o m\u00eas de novembro, mais de 16 milh\u00f5es de pessoas cadastradas no programa, que foram consideradas eleg\u00edveis, v\u00e3o receber, no total, R$ 4,2 bilh\u00f5es.<\/p>\n\n\n\n<p><em>*com informa\u00e7\u00f5es da Caixa<\/em><\/p>\n\n\n\n<p>Edi\u00e7\u00e3o: A\u00e9cio Amado<\/p>\n","protected":false},"excerpt":{"rendered":"<p>Benefici\u00e1rios do Bolsa Fam\u00edlia de NIS final 6 tamb\u00e9m recebem hoje Por Ag\u00eancia Brasil* &#8211;<\/p>\n","protected":false},"author":2,"featured_media":6526,"comment_status":"open","ping_status":"open","sticky":false,"template":"","format":"standard","meta":{"footnotes":""},"categories":[18],"tags":[],"class_list":["post-6525","post","type-post","status-publish","format-standard","has-post-thumbnail","hentry","category-economia"],"_links":{"self":[{"href":"https:\/\/tvc16.com\/portal\/wp-json\/wp\/v2\/posts\/6525","targetHints":{"allow":["GET"]}}],"collection":[{"href":"https:\/\/tvc16.com\/portal\/wp-json\/wp\/v2\/posts"}],"about":[{"href":"https:\/\/tvc16.com\/portal\/wp-json\/wp\/v2\/types\/post"}],"author":[{"embeddable":true,"href":"https:\/\/tvc16.com\/portal\/wp-json\/wp\/v2\/users\/2"}],"replies":[{"embeddable":true,"href":"https:\/\/tvc16.com\/portal\/wp-json\/wp\/v2\/comments?post=6525"}],"version-history":[{"count":1,"href":"https:\/\/tvc16.com\/portal\/wp-json\/wp\/v2\/posts\/6525\/revisions"}],"predecessor-version":[{"id":6527,"href":"https:\/\/tvc16.com\/portal\/wp-json\/wp\/v2\/posts\/6525\/revisions\/6527"}],"wp:featuredmedia":[{"embeddable":true,"href":"https:\/\/tvc16.com\/portal\/wp-json\/wp\/v2\/media\/6526"}],"wp:attachment":[{"href":"https:\/\/tvc16.com\/portal\/wp-json\/wp\/v2\/media?parent=6525"}],"wp:term":[{"taxonomy":"category","embeddable":true,"href":"https:\/\/tvc16.com\/portal\/wp-json\/wp\/v2\/categories?post=6525"},{"taxonomy":"post_tag","embeddable":true,"href":"https:\/\/tvc16.com\/portal\/wp-json\/wp\/v2\/tags?post=6525"}],"curies":[{"name":"wp","href":"https:\/\/api.w.org\/{rel}","templated":true}]}}