{"id":6531,"date":"2020-11-24T18:30:48","date_gmt":"2020-11-24T21:30:48","guid":{"rendered":"https:\/\/tvc16.com\/portal\/?p=6531"},"modified":"2020-11-24T18:30:53","modified_gmt":"2020-11-24T21:30:53","slug":"morre-aos-69-anos-o-jornalista-fernando-vanucci","status":"publish","type":"post","link":"https:\/\/tvc16.com\/portal\/2020\/11\/24\/morre-aos-69-anos-o-jornalista-fernando-vanucci\/","title":{"rendered":"Morre aos 69 anos o jornalista Fernando Vanucci"},"content":{"rendered":"\n<h2 class=\"wp-block-heading\">Ainda n\u00e3o foi divulgado onde ocorrer\u00e1 o vel\u00f3rio<\/h2>\n\n\n\n<p>Morreu\u00a0hoje\u00a0(24) em S\u00e3o Paulo o radialista, apresentador de televis\u00e3o e jornalista especializado na cobertura de esportes, Fernando Vanucci, aos 69 anos. A causa da morte n\u00e3o foi divulgada pela fam\u00edlia.\u00a0<img decoding=\"async\" src=\"https:\/\/agenciabrasil.ebc.com.br\/ebc.png?id=1394380&amp;o=node\"><img decoding=\"async\" src=\"https:\/\/agenciabrasil.ebc.com.br\/ebc.gif?id=1394380&amp;o=node\"><\/p>\n\n\n\n<p>Vanucci iniciou sua carreira na R\u00e1dio Sociedade Tri\u00e2ngulo Mineiro, em Uberaba (MG). Em 1977, transferiu-se para a TV Globo, onde apresentou v\u00e1rios telejornais, com o Globo Rep\u00f3rter, Esporte Espetacular e os Gols do Fant\u00e1stico.<\/p>\n\n\n\n<figure class=\"wp-block-image size-large\"><img loading=\"lazy\" decoding=\"async\" width=\"500\" height=\"360\" src=\"https:\/\/tvc16.com\/portal\/wp-content\/uploads\/2020\/11\/fernando-vannucci.jpg\" alt=\"\" class=\"wp-image-6532\" srcset=\"https:\/\/tvc16.com\/portal\/wp-content\/uploads\/2020\/11\/fernando-vannucci.jpg 500w, https:\/\/tvc16.com\/portal\/wp-content\/uploads\/2020\/11\/fernando-vannucci-300x216.jpg 300w\" sizes=\"auto, (max-width: 500px) 100vw, 500px\" \/><\/figure>\n\n\n\n<p>Ainda n\u00e3o foi divulgado onde ocorrer\u00e1 o vel\u00f3rio.<\/p>\n\n\n\n<p>Por Bruno Bocchini &#8211; Rep\u00f3rter da Ag\u00eancia Brasil &#8211; Bras\u00edlia<\/p>\n","protected":false},"excerpt":{"rendered":"<p>Ainda n\u00e3o foi divulgado onde ocorrer\u00e1 o vel\u00f3rio Morreu\u00a0hoje\u00a0(24) em S\u00e3o Paulo o radialista, apresentador<\/p>\n","protected":false},"author":2,"featured_media":6533,"comment_status":"open","ping_status":"open","sticky":false,"template":"","format":"standard","meta":{"footnotes":""},"categories":[20],"tags":[],"class_list":["post-6531","post","type-post","status-publish","format-standard","has-post-thumbnail","hentry","category-esporte"],"_links":{"self":[{"href":"https:\/\/tvc16.com\/portal\/wp-json\/wp\/v2\/posts\/6531","targetHints":{"allow":["GET"]}}],"collection":[{"href":"https:\/\/tvc16.com\/portal\/wp-json\/wp\/v2\/posts"}],"about":[{"href":"https:\/\/tvc16.com\/portal\/wp-json\/wp\/v2\/types\/post"}],"author":[{"embeddable":true,"href":"https:\/\/tvc16.com\/portal\/wp-json\/wp\/v2\/users\/2"}],"replies":[{"embeddable":true,"href":"https:\/\/tvc16.com\/portal\/wp-json\/wp\/v2\/comments?post=6531"}],"version-history":[{"count":1,"href":"https:\/\/tvc16.com\/portal\/wp-json\/wp\/v2\/posts\/6531\/revisions"}],"predecessor-version":[{"id":6534,"href":"https:\/\/tvc16.com\/portal\/wp-json\/wp\/v2\/posts\/6531\/revisions\/6534"}],"wp:featuredmedia":[{"embeddable":true,"href":"https:\/\/tvc16.com\/portal\/wp-json\/wp\/v2\/media\/6533"}],"wp:attachment":[{"href":"https:\/\/tvc16.com\/portal\/wp-json\/wp\/v2\/media?parent=6531"}],"wp:term":[{"taxonomy":"category","embeddable":true,"href":"https:\/\/tvc16.com\/portal\/wp-json\/wp\/v2\/categories?post=6531"},{"taxonomy":"post_tag","embeddable":true,"href":"https:\/\/tvc16.com\/portal\/wp-json\/wp\/v2\/tags?post=6531"}],"curies":[{"name":"wp","href":"https:\/\/api.w.org\/{rel}","templated":true}]}}