{"id":6538,"date":"2020-11-24T18:53:18","date_gmt":"2020-11-24T21:53:18","guid":{"rendered":"https:\/\/tvc16.com\/portal\/?p=6538"},"modified":"2020-11-24T18:53:21","modified_gmt":"2020-11-24T21:53:21","slug":"testes-perdidos","status":"publish","type":"post","link":"https:\/\/tvc16.com\/portal\/2020\/11\/24\/testes-perdidos\/","title":{"rendered":"TESTES &#8216;PERDIDOS&#8217;"},"content":{"rendered":"\n<p>Membros do Minist\u00e9rio da Sa\u00fade\u00a0<strong><a rel=\"noreferrer noopener\" target=\"_blank\" href=\"http:\/\/click.emailabril.com.br\/?qs=ea1ea54eb24ee0ab14635ef135026522be995942fb33d589cfb92b0f0b74ce85c97982e9b1980ce0411bdac8c499535c2ab8dd5861e2303d\">ter\u00e3o\u00a0que se explicar<\/a>\u00a0<\/strong>\u00e0 C\u00e2mara dos Deputados sobre os 6,86 milh\u00f5es de testes de Covid-19 que est\u00e3o estocados em um dep\u00f3sito e correm o risco de perder a validade. A comiss\u00e3o externa de enfrentamento \u00e0 pandemia da Casa convocou uma audi\u00eancia p\u00fablica marcada para esta quarta-feira. Para a reuni\u00e3o, foram chamados o secret\u00e1rio de Vigil\u00e2ncia em Sa\u00fade, Arnaldo de Medeiros, o diretor do Departamento de Log\u00edstica em Sa\u00fade, Roberto Ferreira Dias, o presidente do Conass, Carlos Lula, e o presidente do Conasems, Willames Freire.<\/p>\n","protected":false},"excerpt":{"rendered":"<p>Membros do Minist\u00e9rio da Sa\u00fade\u00a0ter\u00e3o\u00a0que se explicar\u00a0\u00e0 C\u00e2mara dos Deputados sobre os 6,86 milh\u00f5es de<\/p>\n","protected":false},"author":2,"featured_media":6539,"comment_status":"open","ping_status":"open","sticky":false,"template":"","format":"standard","meta":{"footnotes":""},"categories":[17],"tags":[],"class_list":["post-6538","post","type-post","status-publish","format-standard","has-post-thumbnail","hentry","category-outras-noticias"],"_links":{"self":[{"href":"https:\/\/tvc16.com\/portal\/wp-json\/wp\/v2\/posts\/6538","targetHints":{"allow":["GET"]}}],"collection":[{"href":"https:\/\/tvc16.com\/portal\/wp-json\/wp\/v2\/posts"}],"about":[{"href":"https:\/\/tvc16.com\/portal\/wp-json\/wp\/v2\/types\/post"}],"author":[{"embeddable":true,"href":"https:\/\/tvc16.com\/portal\/wp-json\/wp\/v2\/users\/2"}],"replies":[{"embeddable":true,"href":"https:\/\/tvc16.com\/portal\/wp-json\/wp\/v2\/comments?post=6538"}],"version-history":[{"count":1,"href":"https:\/\/tvc16.com\/portal\/wp-json\/wp\/v2\/posts\/6538\/revisions"}],"predecessor-version":[{"id":6540,"href":"https:\/\/tvc16.com\/portal\/wp-json\/wp\/v2\/posts\/6538\/revisions\/6540"}],"wp:featuredmedia":[{"embeddable":true,"href":"https:\/\/tvc16.com\/portal\/wp-json\/wp\/v2\/media\/6539"}],"wp:attachment":[{"href":"https:\/\/tvc16.com\/portal\/wp-json\/wp\/v2\/media?parent=6538"}],"wp:term":[{"taxonomy":"category","embeddable":true,"href":"https:\/\/tvc16.com\/portal\/wp-json\/wp\/v2\/categories?post=6538"},{"taxonomy":"post_tag","embeddable":true,"href":"https:\/\/tvc16.com\/portal\/wp-json\/wp\/v2\/tags?post=6538"}],"curies":[{"name":"wp","href":"https:\/\/api.w.org\/{rel}","templated":true}]}}