{"id":6547,"date":"2020-11-24T19:58:05","date_gmt":"2020-11-24T22:58:05","guid":{"rendered":"https:\/\/tvc16.com\/portal\/?p=6547"},"modified":"2020-11-24T19:58:10","modified_gmt":"2020-11-24T22:58:10","slug":"rj-software-para-micro-e-pequenas-empresas-de-confeccao-e-selecionado-para-final-da-mostra-nacional-do-inova-senai-2020","status":"publish","type":"post","link":"https:\/\/tvc16.com\/portal\/2020\/11\/24\/rj-software-para-micro-e-pequenas-empresas-de-confeccao-e-selecionado-para-final-da-mostra-nacional-do-inova-senai-2020\/","title":{"rendered":"RJ: Software para micro e pequenas empresas de confec\u00e7\u00e3o \u00e9 selecionado para final da mostra nacional do Inova Senai 2020"},"content":{"rendered":"\n<p>O projeto \u201cProdu\u00e7\u00e3o Lean SPC &#8211; Sistema Para Confec\u00e7\u00f5es\u201d tem como objetivo gerenciar os custos do segmento t\u00eaxtil<\/p>\n\n\n\n<p>Apesar de estar em quarto lugar no ranking geral do \u00cdndice FIEC de Inova\u00e7\u00e3o dos estados, o Rio de Janeiro teve apenas um projeto aprovado para a final da mostra nacional do Inova Senai 2020. O \u201cProdu\u00e7\u00e3o Lean SPC &#8211; Sistema Para Confec\u00e7\u00f5es\u201d tem como objetivo gerenciar os custos nas micro e pequenas empresas do segmento t\u00eaxtil.&nbsp;<br>&nbsp;<br>O software, diferenciado pela sua simples execu\u00e7\u00e3o, auxilia o gestor no levantamento dos custos de produ\u00e7\u00e3o e precifica\u00e7\u00e3o de produtos, contribuindo para a competitividade das organiza\u00e7\u00f5es.<br>&nbsp;<br>Alunos e instrutores das unidades do SENAI de todo o Brasil v\u00e3o representar seus estados com propostas de solu\u00e7\u00f5es para demandas reais da sociedade e da ind\u00fastria brasileira nas \u00e1reas de biotecnologia, qu\u00edmica, constru\u00e7\u00e3o civil e gest\u00e3o.&nbsp;<br>&nbsp;<br>A iniciativa contempla desde a concep\u00e7\u00e3o do projeto, planejamento, execu\u00e7\u00e3o at\u00e9 a apresenta\u00e7\u00e3o e negocia\u00e7\u00e3o com poss\u00edveis investidores e clientes. A especialista em educa\u00e7\u00e3o do Senai Nacional e coordenadora do evento, Monica Mariano, destacou que uma das raz\u00f5es do projeto \u00e9 conseguir propor solu\u00e7\u00f5es para as ind\u00fastrias brasileiras e o formato de game \u00e9 para estimular o comportamento inovador e propositivo dos alunos.&nbsp;<br>&nbsp;<br>\u201cA ideia \u00e9 que a gente consiga reunir empres\u00e1rios e pessoas da sociedade interessadas nessas \u00e1reas, para que elas conhe\u00e7am as inova\u00e7\u00f5es promovidas pelos nossos alunos. Ent\u00e3o, por exemplo, teremos uma rodada de alimentos e bebidas em que teremos um conjunto de novos produtos que poder\u00e3o estar no mercado logo mais e que foram criadas pelos nossos alunos\u201d, explicou.&nbsp;<\/p>\n\n\n\n<p><a href=\"https:\/\/brasil61.com\/noticias\/dez-equipes-paulistas-sao-finalistas-da-etapa-nacional-do-inova-senai-2020-pind202272\"><strong>Dez equipes paulistas s\u00e3o finalistas da etapa nacional do Inova Senai 2020<\/strong><\/a><\/p>\n\n\n\n<p><a href=\"https:\/\/brasil61.com\/noticias\/pesquisa-da-ufes-sobre-industria-4-0-capixaba-e-publicada-em-revista-cientifica-internacional-pind202259\"><strong>Pesquisa da UFES sobre ind\u00fastria 4.0 capixaba \u00e9 publicada em revista cient\u00edfica internacional<\/strong><\/a><br>&nbsp;<br>Durante a semana do evento, 80 projetos escolhidos em todo o Brasil apresentar\u00e3o as propostas em rodadas de neg\u00f3cios. As equipes ser\u00e3o divididas em oito \u00e1reas, sendo um finalista de cada uma.&nbsp;<\/p>\n\n\n\n<p><img decoding=\"async\" alt=\"\" src=\"\/\/s3-sa-east-1.amazonaws.com\/agencia-radio-arb\/3193\/content_Rio-de-Janeiro.png\"><br>Dos oito finalistas, tr\u00eas ser\u00e3o declarados campe\u00f5es, com primeiro, segundo e terceiro lugar. A premia\u00e7\u00e3o ser\u00e1 simb\u00f3lica, com certificado, medalha e trof\u00e9u. Apesar de ser uma competi\u00e7\u00e3o, a especialista ressaltou que o mais importante para alunos \u00e9 a oportunidade de apresentarem suas propostas.<br>&nbsp;<br>\u201cPara as ind\u00fastrias \u00e9 interessante conhecer o que tem de inova\u00e7\u00e3o sendo produzido no Senai e visualizar novos talentos. Veja que uma das coisas que a nossa ind\u00fastria sempre diz que tem dificuldade \u00e9 de pessoas qualificadas, com um comportamento inovador no seu trabalho, que s\u00e3o proativas, e esses alunos que participam desse tipo de atividade com certeza t\u00eam esse perfil\u201d, disse.<br>&nbsp;<br>Al\u00e9m de poss\u00edveis contrata\u00e7\u00f5es, os projetos tamb\u00e9m t\u00eam a chance de ser comprados por empresas que buscam solu\u00e7\u00f5es ou receberem investimento para que produzam e forne\u00e7am algo para a cadeia produtiva, como \u00e9 o caso das startups.&nbsp;<br>&nbsp;<br>A pr\u00f3xima etapa \u00e9 o ciclo de mentorias para melhorias dos projetos, que ser\u00e3o apresentados pelos estudantes entre os dias 24 e 27 novembro. A a\u00e7\u00e3o ocorrer\u00e1 durante a Semana de Inova\u00e7\u00e3o promovida pelo Senai Nacional, que ser\u00e1 on-line neste ano devido \u00e0 pandemia de Covid-19.<\/p>\n\n\n\n<p>Fonte: <a href=\"https:\/\/brasil61.com\/noticias\/software-para-micro-e-pequenas-empresas-de-confeccao-e-selecionado-para-final-da-mostra-nacional-do-inova-senai-2020-pind202277?email=bethdeoliveira@yahoo.com.br&amp;utm_source=email_individual&amp;utm_medium=email_individual&amp;utm_campaign=email_individual\" target=\"_blank\" rel=\"noreferrer noopener\">Brasil 61<\/a><\/p>\n","protected":false},"excerpt":{"rendered":"<p>O projeto \u201cProdu\u00e7\u00e3o Lean SPC &#8211; Sistema Para Confec\u00e7\u00f5es\u201d tem como objetivo gerenciar os custos<\/p>\n","protected":false},"author":2,"featured_media":6548,"comment_status":"open","ping_status":"open","sticky":false,"template":"","format":"standard","meta":{"footnotes":""},"categories":[19],"tags":[],"class_list":["post-6547","post","type-post","status-publish","format-standard","has-post-thumbnail","hentry","category-educacao"],"_links":{"self":[{"href":"https:\/\/tvc16.com\/portal\/wp-json\/wp\/v2\/posts\/6547","targetHints":{"allow":["GET"]}}],"collection":[{"href":"https:\/\/tvc16.com\/portal\/wp-json\/wp\/v2\/posts"}],"about":[{"href":"https:\/\/tvc16.com\/portal\/wp-json\/wp\/v2\/types\/post"}],"author":[{"embeddable":true,"href":"https:\/\/tvc16.com\/portal\/wp-json\/wp\/v2\/users\/2"}],"replies":[{"embeddable":true,"href":"https:\/\/tvc16.com\/portal\/wp-json\/wp\/v2\/comments?post=6547"}],"version-history":[{"count":1,"href":"https:\/\/tvc16.com\/portal\/wp-json\/wp\/v2\/posts\/6547\/revisions"}],"predecessor-version":[{"id":6549,"href":"https:\/\/tvc16.com\/portal\/wp-json\/wp\/v2\/posts\/6547\/revisions\/6549"}],"wp:featuredmedia":[{"embeddable":true,"href":"https:\/\/tvc16.com\/portal\/wp-json\/wp\/v2\/media\/6548"}],"wp:attachment":[{"href":"https:\/\/tvc16.com\/portal\/wp-json\/wp\/v2\/media?parent=6547"}],"wp:term":[{"taxonomy":"category","embeddable":true,"href":"https:\/\/tvc16.com\/portal\/wp-json\/wp\/v2\/categories?post=6547"},{"taxonomy":"post_tag","embeddable":true,"href":"https:\/\/tvc16.com\/portal\/wp-json\/wp\/v2\/tags?post=6547"}],"curies":[{"name":"wp","href":"https:\/\/api.w.org\/{rel}","templated":true}]}}