{"id":6550,"date":"2020-11-24T20:06:03","date_gmt":"2020-11-24T23:06:03","guid":{"rendered":"https:\/\/tvc16.com\/portal\/?p=6550"},"modified":"2020-11-24T20:06:06","modified_gmt":"2020-11-24T23:06:06","slug":"aumento-de-casos-do-coronavirus-preocupa-autoridades-publicas","status":"publish","type":"post","link":"https:\/\/tvc16.com\/portal\/2020\/11\/24\/aumento-de-casos-do-coronavirus-preocupa-autoridades-publicas\/","title":{"rendered":"Aumento de casos do coronav\u00edrus preocupa autoridades p\u00fablicas"},"content":{"rendered":"\n<p>Especialistas dizem que o Brasil n\u00e3o vive segunda onda de infec\u00e7\u00e3o, pois os registros da doen\u00e7a nunca diminu\u00edram consideravelmente<\/p>\n\n\n\n<p>O aumento de casos do novo coronav\u00edrus no Pa\u00eds acendeu o sinal de alerta entre a popula\u00e7\u00e3o e gestores p\u00fablicos. Por conta disso, especialistas e autoridades de sa\u00fade cogitam possibilidade de aumentar as medidas de isolamento social em diversas localidades.<\/p>\n\n\n\n<p>No estado de S\u00e3o Paulo a taxa de ocupa\u00e7\u00e3o de leitos de UTI vem crescendo neste m\u00eas, passando de 39,5% em 5 de novembro para 47,4%&nbsp;no \u00faltimo dia 22. Na Grande S\u00e3o Paulo, esse percentual chegou a 55,2%. Na \u00faltima semana, o governador Jo\u00e3o D\u00f3ria (PSDB) prorrogou a quarentena no estado at\u00e9 16 de dezembro. Segundo a Secretaria estadual de Sa\u00fade medidas mais restritivas poder\u00e3o ser adotadas caso os registros do coronav\u00edrus aumentem no estado.&nbsp;<\/p>\n\n\n\n<h2 class=\"wp-block-heading\"><strong>Transmiss\u00e3o<\/strong><\/h2>\n\n\n\n<p>De acordo com o Imperial College de Londres, a taxa de transmiss\u00e3o da Covid-19 passou de 0,68, no dia 10 deste m\u00eas, para 1,10 em 17 de novembro. Isso significa que cada grupo de 100 infectados pela doen\u00e7a transmite o v\u00edrus para outras 110 pessoas. Quando est\u00e1 abaixo de 1, o \u00edndice aponta uma tend\u00eancia de estabiliza\u00e7\u00e3o da enfermidade. &nbsp;<\/p>\n\n\n\n<figure class=\"wp-block-image\"><img decoding=\"async\" src=\"\/\/s3-sa-east-1.amazonaws.com\/agencia-radio-arb\/3188\/content_covid-no-brasil_%283%29.jpg\" alt=\"\"\/><\/figure>\n\n\n\n<p>Para a infectologista Joana D\u2019arc, ao contr\u00e1rio da Europa, onde os casos do novo coronav\u00edrus voltaram a crescer ap\u00f3s uma acentuada queda, o Brasil ainda n\u00e3o teve uma diminui\u00e7\u00e3o significativa dos registros da doen\u00e7a. Ela acredita que as autoridades p\u00fablicas brasileiras falharam ao tomar a\u00e7\u00f5es eficazes para evitar um maior alastramento do v\u00edrus.&nbsp;<\/p>\n\n\n\n<p>\u201cO Brasil n\u00e3o cumpriu como os outros pa\u00edses na quest\u00e3o de estrat\u00e9gias mais efetivas [de conten\u00e7\u00e3o do v\u00edrus]. Essas na\u00e7\u00f5es promoveram a\u00e7\u00f5es contundentes, como o isolamento, distanciamento e com proibi\u00e7\u00e3o de circula\u00e7\u00e3o de pessoas.\u201d<\/p>\n\n\n\n<p><strong><a href=\"https:\/\/brasil61.com\/noticias\/anvisa-autoriza-retomada-de-testes-da-coronavac-bras202557\" target=\"_blank\" rel=\"noreferrer noopener\">Anvisa autoriza retomada de testes da CoronaVac<\/a><\/strong><\/p>\n\n\n\n<p><strong><a href=\"https:\/\/brasil61.com\/noticias\/mais-de-r-1-5-bi-e-investido-no-combate-ao-coronavirus-bras202476\" target=\"_blank\" rel=\"noreferrer noopener\">Mais de R$ 1,5 bi \u00e9 investido no combate ao coronav\u00edrus<\/a><\/strong><\/p>\n\n\n\n<p>Walter Ramalho, epidemiologista e professor da Universidade de Bras\u00edlia (UnB), acredita que ainda falta uma certa conscientiza\u00e7\u00e3o das pessoas quanto ao risco da Covid-19. \u201cNeste momento, as pessoas est\u00e3o achando que a doen\u00e7a acabou. As pessoas que estavam isoladas passaram a frequentar shoppings, restaurantes, o que acarretou em um aumento no n\u00famero de casos\u201d, explica.&nbsp;<\/p>\n\n\n\n<p>Estados como Rio Grande do Sul e Pernambuco t\u00eam apresentado alta no n\u00famero de registros do coronav\u00edrus nos \u00faltimos dias. At\u00e9 o \u00faltimo domingo (22), segundo o<a href=\"https:\/\/covid.saude.gov.br\/\" target=\"_blank\" rel=\"noreferrer noopener\"> Minist\u00e9rio da Sa\u00fade<\/a>, o Pa\u00eds contabilizava 6.071.401&nbsp;casos e 169.183&nbsp;\u00f3bitos acumulados da Covid-19.<\/p>\n\n\n\n<p>Fonte: <a href=\"https:\/\/brasil61.com\/noticias\/aumento-de-casos-do-coronavirus-preocupa-autoridades-publicas-bras202687?email=bethdeoliveira@yahoo.com.br&amp;utm_source=newsletter&amp;utm_medium=newsletter&amp;utm_campaign=newsletter\" target=\"_blank\" rel=\"noreferrer noopener\">Brasil 61<\/a><\/p>\n","protected":false},"excerpt":{"rendered":"<p>Especialistas dizem que o Brasil n\u00e3o vive segunda onda de infec\u00e7\u00e3o, pois os registros da<\/p>\n","protected":false},"author":2,"featured_media":6551,"comment_status":"open","ping_status":"open","sticky":false,"template":"","format":"standard","meta":{"footnotes":""},"categories":[14],"tags":[],"class_list":["post-6550","post","type-post","status-publish","format-standard","has-post-thumbnail","hentry","category-pais"],"_links":{"self":[{"href":"https:\/\/tvc16.com\/portal\/wp-json\/wp\/v2\/posts\/6550","targetHints":{"allow":["GET"]}}],"collection":[{"href":"https:\/\/tvc16.com\/portal\/wp-json\/wp\/v2\/posts"}],"about":[{"href":"https:\/\/tvc16.com\/portal\/wp-json\/wp\/v2\/types\/post"}],"author":[{"embeddable":true,"href":"https:\/\/tvc16.com\/portal\/wp-json\/wp\/v2\/users\/2"}],"replies":[{"embeddable":true,"href":"https:\/\/tvc16.com\/portal\/wp-json\/wp\/v2\/comments?post=6550"}],"version-history":[{"count":1,"href":"https:\/\/tvc16.com\/portal\/wp-json\/wp\/v2\/posts\/6550\/revisions"}],"predecessor-version":[{"id":6552,"href":"https:\/\/tvc16.com\/portal\/wp-json\/wp\/v2\/posts\/6550\/revisions\/6552"}],"wp:featuredmedia":[{"embeddable":true,"href":"https:\/\/tvc16.com\/portal\/wp-json\/wp\/v2\/media\/6551"}],"wp:attachment":[{"href":"https:\/\/tvc16.com\/portal\/wp-json\/wp\/v2\/media?parent=6550"}],"wp:term":[{"taxonomy":"category","embeddable":true,"href":"https:\/\/tvc16.com\/portal\/wp-json\/wp\/v2\/categories?post=6550"},{"taxonomy":"post_tag","embeddable":true,"href":"https:\/\/tvc16.com\/portal\/wp-json\/wp\/v2\/tags?post=6550"}],"curies":[{"name":"wp","href":"https:\/\/api.w.org\/{rel}","templated":true}]}}