{"id":6559,"date":"2020-11-25T13:27:23","date_gmt":"2020-11-25T16:27:23","guid":{"rendered":"https:\/\/tvc16.com\/portal\/?p=6559"},"modified":"2020-11-25T13:27:25","modified_gmt":"2020-11-25T16:27:25","slug":"confira-as-noticias-de-policia-em-petropolis","status":"publish","type":"post","link":"https:\/\/tvc16.com\/portal\/2020\/11\/25\/confira-as-noticias-de-policia-em-petropolis\/","title":{"rendered":"Confira as not\u00edcias de Pol\u00edcia em Petr\u00f3polis"},"content":{"rendered":"\n<p><strong>A Pol\u00edcia Militar (PM) apreendeu na tarde dessa ter\u00e7a-feira (24) um rev\u00f3lver de calibre 38 e seis muni\u00e7\u00f5es na Estrada Mata Cavalo, em Araras. <\/strong><\/p>\n\n\n\n<figure class=\"wp-block-image size-large\"><img loading=\"lazy\" decoding=\"async\" width=\"1024\" height=\"576\" src=\"https:\/\/tvc16.com\/portal\/wp-content\/uploads\/2020\/11\/IMG-20201125-WA0026-1024x576.jpg\" alt=\"\" class=\"wp-image-6560\" srcset=\"https:\/\/tvc16.com\/portal\/wp-content\/uploads\/2020\/11\/IMG-20201125-WA0026-1024x576.jpg 1024w, https:\/\/tvc16.com\/portal\/wp-content\/uploads\/2020\/11\/IMG-20201125-WA0026-300x169.jpg 300w, https:\/\/tvc16.com\/portal\/wp-content\/uploads\/2020\/11\/IMG-20201125-WA0026-768x432.jpg 768w, https:\/\/tvc16.com\/portal\/wp-content\/uploads\/2020\/11\/IMG-20201125-WA0026.jpg 1040w\" sizes=\"auto, (max-width: 1024px) 100vw, 1024px\" \/><\/figure>\n\n\n\n<p>Os itens estavam com um homem que acabou fugindo durante a a\u00e7\u00e3o da PM. De acordo com a pol\u00edcia, uma equipe esteve no local ap\u00f3s receber informa\u00e7\u00f5es sobre o tr\u00e1fico de drogas na regi\u00e3o de Santa Luzia. Dois homens, ao perceberem a presen\u00e7a dos militares, fugiram em uma motocicleta. Entretanto, durante a fuga, um deles deixou cair a arma e as muni\u00e7\u00f5es.\u00a0Buscas foram feitas na localidade, mas a dupla n\u00e3o foi encontrada. O caso foi registrado na 105 Delegacia de Pol\u00edcia.<\/p>\n\n\n\n<p> <strong>Homem \u00e9 preso ap\u00f3s assaltar jovem no Centro da Cidade<\/strong><\/p>\n\n\n\n<figure class=\"wp-block-image size-large\"><img loading=\"lazy\" decoding=\"async\" width=\"1024\" height=\"768\" src=\"https:\/\/tvc16.com\/portal\/wp-content\/uploads\/2020\/11\/IMG-20201125-WA0066-1024x768.jpg\" alt=\"\" class=\"wp-image-6561\" srcset=\"https:\/\/tvc16.com\/portal\/wp-content\/uploads\/2020\/11\/IMG-20201125-WA0066-1024x768.jpg 1024w, https:\/\/tvc16.com\/portal\/wp-content\/uploads\/2020\/11\/IMG-20201125-WA0066-300x225.jpg 300w, https:\/\/tvc16.com\/portal\/wp-content\/uploads\/2020\/11\/IMG-20201125-WA0066-768x576.jpg 768w, https:\/\/tvc16.com\/portal\/wp-content\/uploads\/2020\/11\/IMG-20201125-WA0066-1536x1152.jpg 1536w, https:\/\/tvc16.com\/portal\/wp-content\/uploads\/2020\/11\/IMG-20201125-WA0066-200x150.jpg 200w, https:\/\/tvc16.com\/portal\/wp-content\/uploads\/2020\/11\/IMG-20201125-WA0066.jpg 1600w\" sizes=\"auto, (max-width: 1024px) 100vw, 1024px\" \/><\/figure>\n\n\n\n<p><br>Um homem de 32 anos foi preso em flagrante pela Pol\u00edcia Militar, ap\u00f3s assaltar um jovem de 20 anos, na Rua Visconde de Souza Franco, conhecida como Rua da Feira, no Centro da Cidade. Logo ap\u00f3s o crime a v\u00edtima procurou os agentes descreveu o acusado, e os objetos que tinham sido levados: uma bolsa contendo um celular, uma camisa de marca, dois ma\u00e7os de cigarro e um isqueiro. O rapaz disse ainda que foi amea\u00e7ado pelo  acusado, que afirmou durante o roubo estar armado com uma faca.\u00a0<br>Ap\u00f3s buscas na regi\u00e3o os PMs localizaram o suspeito e conseguiram recuperar parte dos pertences da v\u00edtima. Apenas o celular n\u00e3o estava mais com o assaltante. O homem foi preso em flagrante e levado para a 105\u00aa Delegacia de Pol\u00edcia, no Retiro, onde o caso foi registrado. Em sede policial ele foi autuado por roubo e permaneceu preso.<\/p>\n\n\n\n<p><strong>Traficante \u00e9 preso na Estrada da Saudade\u00a0<\/strong><\/p>\n\n\n\n<figure class=\"wp-block-image size-large\"><img loading=\"lazy\" decoding=\"async\" width=\"999\" height=\"749\" src=\"https:\/\/tvc16.com\/portal\/wp-content\/uploads\/2020\/11\/IMG-20201125-WA0056.jpg\" alt=\"\" class=\"wp-image-6562\" srcset=\"https:\/\/tvc16.com\/portal\/wp-content\/uploads\/2020\/11\/IMG-20201125-WA0056.jpg 999w, https:\/\/tvc16.com\/portal\/wp-content\/uploads\/2020\/11\/IMG-20201125-WA0056-300x225.jpg 300w, https:\/\/tvc16.com\/portal\/wp-content\/uploads\/2020\/11\/IMG-20201125-WA0056-768x576.jpg 768w, https:\/\/tvc16.com\/portal\/wp-content\/uploads\/2020\/11\/IMG-20201125-WA0056-200x150.jpg 200w\" sizes=\"auto, (max-width: 999px) 100vw, 999px\" \/><\/figure>\n\n\n\n<p><br>Um homem, de 26 anos, foi preso na ter\u00e7a-feira (24) pela Pol\u00edcia Militar, na Rua Veridiano F\u00e9lix, na Estrada da Saudade, ap\u00f3s ser flagrado escondendo quatro cargas de drogas em diferentes pontos da regi\u00e3o. Os agentes conseguiram apreender os entorpecentes, 60 c\u00e1psulas de coca\u00edna, e seguiram at\u00e9 a casa do acusado. No local foram apreendidos ainda R$ 142 em dinheiro. Diante dos fatos o homem foi detido e levado para a 105\u00aa Delegacia de Pol\u00edcia, no Retiro, onde o caso foi registrado. Ele foi autuado por tr\u00e1fico de drogas e permaneceu preso.<\/p>\n","protected":false},"excerpt":{"rendered":"<p>A Pol\u00edcia Militar (PM) apreendeu na tarde dessa ter\u00e7a-feira (24) um rev\u00f3lver de calibre 38<\/p>\n","protected":false},"author":2,"featured_media":6470,"comment_status":"open","ping_status":"open","sticky":false,"template":"","format":"standard","meta":{"footnotes":""},"categories":[12],"tags":[],"class_list":["post-6559","post","type-post","status-publish","format-standard","has-post-thumbnail","hentry","category-cidade"],"_links":{"self":[{"href":"https:\/\/tvc16.com\/portal\/wp-json\/wp\/v2\/posts\/6559","targetHints":{"allow":["GET"]}}],"collection":[{"href":"https:\/\/tvc16.com\/portal\/wp-json\/wp\/v2\/posts"}],"about":[{"href":"https:\/\/tvc16.com\/portal\/wp-json\/wp\/v2\/types\/post"}],"author":[{"embeddable":true,"href":"https:\/\/tvc16.com\/portal\/wp-json\/wp\/v2\/users\/2"}],"replies":[{"embeddable":true,"href":"https:\/\/tvc16.com\/portal\/wp-json\/wp\/v2\/comments?post=6559"}],"version-history":[{"count":1,"href":"https:\/\/tvc16.com\/portal\/wp-json\/wp\/v2\/posts\/6559\/revisions"}],"predecessor-version":[{"id":6563,"href":"https:\/\/tvc16.com\/portal\/wp-json\/wp\/v2\/posts\/6559\/revisions\/6563"}],"wp:featuredmedia":[{"embeddable":true,"href":"https:\/\/tvc16.com\/portal\/wp-json\/wp\/v2\/media\/6470"}],"wp:attachment":[{"href":"https:\/\/tvc16.com\/portal\/wp-json\/wp\/v2\/media?parent=6559"}],"wp:term":[{"taxonomy":"category","embeddable":true,"href":"https:\/\/tvc16.com\/portal\/wp-json\/wp\/v2\/categories?post=6559"},{"taxonomy":"post_tag","embeddable":true,"href":"https:\/\/tvc16.com\/portal\/wp-json\/wp\/v2\/tags?post=6559"}],"curies":[{"name":"wp","href":"https:\/\/api.w.org\/{rel}","templated":true}]}}