{"id":6564,"date":"2020-11-25T13:32:31","date_gmt":"2020-11-25T16:32:31","guid":{"rendered":"https:\/\/tvc16.com\/portal\/?p=6564"},"modified":"2020-11-25T13:32:34","modified_gmt":"2020-11-25T16:32:34","slug":"a-fila-da-agencia-da-caixa-economica-federal-no-alto-da-serra-amanheceu-lotada-hoje","status":"publish","type":"post","link":"https:\/\/tvc16.com\/portal\/2020\/11\/25\/a-fila-da-agencia-da-caixa-economica-federal-no-alto-da-serra-amanheceu-lotada-hoje\/","title":{"rendered":"A fila da ag\u00eancia da Caixa Econ\u00f4mica Federal no Alto da Serra amanheceu lotada hoje"},"content":{"rendered":"\n<p>Quem precisa correu para \u00e0s ag\u00eancias do Centro e do Alto da Serra. <\/p>\n\n\n\n<p>Cerca de 3,5 milh\u00f5es de benefici\u00e1rios do Ciclo 5 nascidos em mar\u00e7o receber\u00e3o R$ 1,2 bilh\u00e3o em suas contas poupan\u00e7a social digital. Desse total, 168,3 mil receber\u00e3o R$ 110,9 milh\u00f5es referentes \u00e0s parcelas do aux\u00edlio emergencial. Os demais, 3,4 milh\u00f5es, receber\u00e3o as parcelas do Aux\u00edlio Emergencial Extens\u00e3o, em um montante de R$ 1,1 bilh\u00e3o.<img decoding=\"async\" src=\"https:\/\/agenciabrasil.ebc.com.br\/ebc.png?id=1394454&amp;o=node\"><img decoding=\"async\" src=\"https:\/\/agenciabrasil.ebc.com.br\/ebc.gif?id=1394454&amp;o=node\"><\/p>\n\n\n\n<p>A partir de&nbsp;hoje, os valores podem ser movimentados pelo aplicativo Caixa Tem para pagamento de boletos ou nas casas lot\u00e9ricas, compras pela internet e pelas maquininhas de estabelecimentos comerciais.<\/p>\n\n\n\n<p>Saques e transfer\u00eancias para quem recebe o cr\u00e9dito&nbsp;hoje&nbsp;ser\u00e3o liberados a partir do dia&nbsp;4 de janeiro&nbsp;de 2021.<\/p>\n\n\n\n<p>Ontem cerca de 3,6 milh\u00f5es de benefici\u00e1rios do Aux\u00edlio Emergencial dos ciclos 3 e 4, nascidos em junho, podem sacar ou transferir os recursos do programa. Nesta ter\u00e7a-feira (24), foram creditados R$ 3 bilh\u00f5es. De acordo com a Caixa, desse total, R$ 1,3 bilh\u00e3o s\u00e3o referentes \u00e0s parcelas do Aux\u00edlio Emergencial e o restante, R$ 1,7 bilh\u00e3o, do Aux\u00edlio Emergencial Extens\u00e3o.<\/p>\n","protected":false},"excerpt":{"rendered":"<p>Quem precisa correu para \u00e0s ag\u00eancias do Centro e do Alto da Serra. Cerca de<\/p>\n","protected":false},"author":2,"featured_media":6565,"comment_status":"open","ping_status":"open","sticky":false,"template":"","format":"standard","meta":{"footnotes":""},"categories":[12],"tags":[],"class_list":["post-6564","post","type-post","status-publish","format-standard","has-post-thumbnail","hentry","category-cidade"],"_links":{"self":[{"href":"https:\/\/tvc16.com\/portal\/wp-json\/wp\/v2\/posts\/6564","targetHints":{"allow":["GET"]}}],"collection":[{"href":"https:\/\/tvc16.com\/portal\/wp-json\/wp\/v2\/posts"}],"about":[{"href":"https:\/\/tvc16.com\/portal\/wp-json\/wp\/v2\/types\/post"}],"author":[{"embeddable":true,"href":"https:\/\/tvc16.com\/portal\/wp-json\/wp\/v2\/users\/2"}],"replies":[{"embeddable":true,"href":"https:\/\/tvc16.com\/portal\/wp-json\/wp\/v2\/comments?post=6564"}],"version-history":[{"count":1,"href":"https:\/\/tvc16.com\/portal\/wp-json\/wp\/v2\/posts\/6564\/revisions"}],"predecessor-version":[{"id":6566,"href":"https:\/\/tvc16.com\/portal\/wp-json\/wp\/v2\/posts\/6564\/revisions\/6566"}],"wp:featuredmedia":[{"embeddable":true,"href":"https:\/\/tvc16.com\/portal\/wp-json\/wp\/v2\/media\/6565"}],"wp:attachment":[{"href":"https:\/\/tvc16.com\/portal\/wp-json\/wp\/v2\/media?parent=6564"}],"wp:term":[{"taxonomy":"category","embeddable":true,"href":"https:\/\/tvc16.com\/portal\/wp-json\/wp\/v2\/categories?post=6564"},{"taxonomy":"post_tag","embeddable":true,"href":"https:\/\/tvc16.com\/portal\/wp-json\/wp\/v2\/tags?post=6564"}],"curies":[{"name":"wp","href":"https:\/\/api.w.org\/{rel}","templated":true}]}}