{"id":6577,"date":"2020-11-25T13:47:25","date_gmt":"2020-11-25T16:47:25","guid":{"rendered":"https:\/\/tvc16.com\/portal\/?p=6577"},"modified":"2020-11-25T13:47:28","modified_gmt":"2020-11-25T16:47:28","slug":"padre-francisco-montemezzo-e-internado-para-tratar-infeccao-urinaria","status":"publish","type":"post","link":"https:\/\/tvc16.com\/portal\/2020\/11\/25\/padre-francisco-montemezzo-e-internado-para-tratar-infeccao-urinaria\/","title":{"rendered":"Padre Francisco Montemezzo \u00e9 internado,   para tratar infec\u00e7\u00e3o urin\u00e1ria."},"content":{"rendered":"\n<p>A interna\u00e7\u00e3o foi nesta ter\u00e7a-feira (24). Ele est\u00e1 no Hospital Unimed petr\u00f3polis<\/p>\n\n\n\n<p>De acordo com os m\u00e9dicos ele passa bem, est\u00e1 l\u00facido e que a interna\u00e7\u00e3o ocorreu por orienta\u00e7\u00e3o do m\u00e9dico que o acompanha.\u00a0\u00a0Por orienta\u00e7\u00e3o do m\u00e9dico, as visitas est\u00e3o restritas ao bispo diocesano e aos padres com apresenta\u00e7\u00e3o da carteira de identifica\u00e7\u00e3o sacerdotal.\u00a0\u00a0A Diocese de Petr\u00f3polis informa ainda que todas as comunica\u00e7\u00f5es sobre a sa\u00fade do Padre Francisco, assim como do bispo diocesano e demais sacerdotes s\u00e3o realizadas por meio da Assessoria de Comunica\u00e7\u00e3o da Diocese, publicada no site e encaminhada aos agentes da Pastoral da Comunica\u00e7\u00e3o para que fa\u00e7am as comunica\u00e7\u00f5es oficiais nas p\u00e1ginas das par\u00f3quias.<\/p>\n","protected":false},"excerpt":{"rendered":"<p>A interna\u00e7\u00e3o foi nesta ter\u00e7a-feira (24). Ele est\u00e1 no Hospital Unimed petr\u00f3polis De acordo com<\/p>\n","protected":false},"author":2,"featured_media":6578,"comment_status":"open","ping_status":"open","sticky":false,"template":"","format":"standard","meta":{"footnotes":""},"categories":[12],"tags":[],"class_list":["post-6577","post","type-post","status-publish","format-standard","has-post-thumbnail","hentry","category-cidade"],"_links":{"self":[{"href":"https:\/\/tvc16.com\/portal\/wp-json\/wp\/v2\/posts\/6577","targetHints":{"allow":["GET"]}}],"collection":[{"href":"https:\/\/tvc16.com\/portal\/wp-json\/wp\/v2\/posts"}],"about":[{"href":"https:\/\/tvc16.com\/portal\/wp-json\/wp\/v2\/types\/post"}],"author":[{"embeddable":true,"href":"https:\/\/tvc16.com\/portal\/wp-json\/wp\/v2\/users\/2"}],"replies":[{"embeddable":true,"href":"https:\/\/tvc16.com\/portal\/wp-json\/wp\/v2\/comments?post=6577"}],"version-history":[{"count":1,"href":"https:\/\/tvc16.com\/portal\/wp-json\/wp\/v2\/posts\/6577\/revisions"}],"predecessor-version":[{"id":6579,"href":"https:\/\/tvc16.com\/portal\/wp-json\/wp\/v2\/posts\/6577\/revisions\/6579"}],"wp:featuredmedia":[{"embeddable":true,"href":"https:\/\/tvc16.com\/portal\/wp-json\/wp\/v2\/media\/6578"}],"wp:attachment":[{"href":"https:\/\/tvc16.com\/portal\/wp-json\/wp\/v2\/media?parent=6577"}],"wp:term":[{"taxonomy":"category","embeddable":true,"href":"https:\/\/tvc16.com\/portal\/wp-json\/wp\/v2\/categories?post=6577"},{"taxonomy":"post_tag","embeddable":true,"href":"https:\/\/tvc16.com\/portal\/wp-json\/wp\/v2\/tags?post=6577"}],"curies":[{"name":"wp","href":"https:\/\/api.w.org\/{rel}","templated":true}]}}