{"id":6596,"date":"2020-11-25T17:56:23","date_gmt":"2020-11-25T20:56:23","guid":{"rendered":"https:\/\/tvc16.com\/portal\/?p=6596"},"modified":"2020-11-25T17:56:26","modified_gmt":"2020-11-25T20:56:26","slug":"portaria-destina-mais-recursos-para-habilitacao-de-leitos-de-uti-para-covid-19","status":"publish","type":"post","link":"https:\/\/tvc16.com\/portal\/2020\/11\/25\/portaria-destina-mais-recursos-para-habilitacao-de-leitos-de-uti-para-covid-19\/","title":{"rendered":"Portaria destina mais recursos para habilita\u00e7\u00e3o de leitos de UTI para Covid-19"},"content":{"rendered":"\n<p>A decis\u00e3o publicada na Portaria N\u00ba 3.160 estabelece o montante de R$ 18.720.000<\/p>\n\n\n\n<p>O Minist\u00e9rio da Sa\u00fade ir\u00e1 destinar recursos aos estados e munic\u00edpios para habilitar leitos de Unidades de Terapia Intensiva (UTI) e manter as a\u00e7\u00f5es e servi\u00e7os no combate \u00e0 pandemia da Covid-19. A decis\u00e3o publicada na Portaria <a href=\"https:\/\/www.in.gov.br\/en\/web\/dou\/-\/portaria-n-3.160-de-20-de-novembro-de-2020-289782956\">N\u00ba 3.160<\/a> estabelece o montante de R$ 18.720.000.<\/p>\n\n\n\n<p><a href=\"https:\/\/brasil61.com\/noticias\/estudo-clinico-coronavac-chega-ao-estagio-final-bras202743\"><strong>Estudo cl\u00ednico CoronaVac chega ao est\u00e1gio final<\/strong><\/a><\/p>\n\n\n\n<p><a href=\"https:\/\/brasil61.com\/noticias\/ministerio-da-saude-atualiza-protocolo-de-prevencao-de-ists-entre-gestantes-e-filhos-bras202721\"><strong>Minist\u00e9rio da Sa\u00fade atualiza protocolo de preven\u00e7\u00e3o de ISTs entre gestantes e filhos<\/strong><\/a><\/p>\n\n\n\n<p>Os recursos valem pelo per\u00edodo excepcional de 60 dias, podendo ser prorrogados a cada 30 dias, a depender da situa\u00e7\u00e3o de emerg\u00eancia de sa\u00fade p\u00fablica de import\u00e2ncia internacional e poder\u00e3o ser encerradas a qualquer momento, caso seja finalizada a situa\u00e7\u00e3o de emerg\u00eancia.<\/p>\n\n\n\n<p>A destina\u00e7\u00e3o da verba inclui habilita\u00e7\u00f5es, leitos e procedimentos para atendimento exclusivo dos pacientes com Covid-19.<\/p>\n\n\n\n<p>Fonte: <a href=\"https:\/\/brasil61.com\/noticias\/portaria-destina-mais-recursos-para-habilitacao-de-leitos-de-uti-para-covid-19-bras202748?email=bethdeoliveira@yahoo.com.br&amp;utm_source=newsletter&amp;utm_medium=newsletter&amp;utm_campaign=newsletter\" target=\"_blank\" rel=\"noreferrer noopener\">Brasil 61<\/a><\/p>\n","protected":false},"excerpt":{"rendered":"<p>A decis\u00e3o publicada na Portaria N\u00ba 3.160 estabelece o montante de R$ 18.720.000 O Minist\u00e9rio<\/p>\n","protected":false},"author":2,"featured_media":6597,"comment_status":"open","ping_status":"open","sticky":false,"template":"","format":"standard","meta":{"footnotes":""},"categories":[1],"tags":[],"class_list":["post-6596","post","type-post","status-publish","format-standard","has-post-thumbnail","hentry","category-uncategorized"],"_links":{"self":[{"href":"https:\/\/tvc16.com\/portal\/wp-json\/wp\/v2\/posts\/6596","targetHints":{"allow":["GET"]}}],"collection":[{"href":"https:\/\/tvc16.com\/portal\/wp-json\/wp\/v2\/posts"}],"about":[{"href":"https:\/\/tvc16.com\/portal\/wp-json\/wp\/v2\/types\/post"}],"author":[{"embeddable":true,"href":"https:\/\/tvc16.com\/portal\/wp-json\/wp\/v2\/users\/2"}],"replies":[{"embeddable":true,"href":"https:\/\/tvc16.com\/portal\/wp-json\/wp\/v2\/comments?post=6596"}],"version-history":[{"count":1,"href":"https:\/\/tvc16.com\/portal\/wp-json\/wp\/v2\/posts\/6596\/revisions"}],"predecessor-version":[{"id":6598,"href":"https:\/\/tvc16.com\/portal\/wp-json\/wp\/v2\/posts\/6596\/revisions\/6598"}],"wp:featuredmedia":[{"embeddable":true,"href":"https:\/\/tvc16.com\/portal\/wp-json\/wp\/v2\/media\/6597"}],"wp:attachment":[{"href":"https:\/\/tvc16.com\/portal\/wp-json\/wp\/v2\/media?parent=6596"}],"wp:term":[{"taxonomy":"category","embeddable":true,"href":"https:\/\/tvc16.com\/portal\/wp-json\/wp\/v2\/categories?post=6596"},{"taxonomy":"post_tag","embeddable":true,"href":"https:\/\/tvc16.com\/portal\/wp-json\/wp\/v2\/tags?post=6596"}],"curies":[{"name":"wp","href":"https:\/\/api.w.org\/{rel}","templated":true}]}}