{"id":6603,"date":"2020-11-25T18:00:02","date_gmt":"2020-11-25T21:00:02","guid":{"rendered":"https:\/\/tvc16.com\/portal\/?p=6603"},"modified":"2020-11-25T18:00:07","modified_gmt":"2020-11-25T21:00:07","slug":"governador-em-exercicio-determina-que-corpo-de-bombeiros-fiscalize-estabelecimentos-para-conter-a-covid-19","status":"publish","type":"post","link":"https:\/\/tvc16.com\/portal\/2020\/11\/25\/governador-em-exercicio-determina-que-corpo-de-bombeiros-fiscalize-estabelecimentos-para-conter-a-covid-19\/","title":{"rendered":"Governador em exerc\u00edcio determina que Corpo de Bombeiros fiscalize estabelecimentos para conter a Covid-19"},"content":{"rendered":"\n<p><\/p>\n\n\n\n<p><em>Eventos abertos ao p\u00fablico tamb\u00e9m ter\u00e3o que ser autorizados pela corpora\u00e7\u00e3o<\/em><\/p>\n\n\n\n<p>O governador em exerc\u00edcio Cl\u00e1udio Castro determinou que o Corpo de Bombeiros realize a\u00e7\u00f5es para ajudar a conter o crescimento de casos da Covid-19 no estado do Rio de Janeiro. A partir desta quarta-feira (25\/11), todos os eventos com a participa\u00e7\u00e3o de p\u00fablico devem ser submetidos \u00e0 autoriza\u00e7\u00e3o da corpora\u00e7\u00e3o, que tamb\u00e9m ficar\u00e1 respons\u00e1vel pela fiscaliza\u00e7\u00e3o, entre 20h e 5h, de espa\u00e7os como boates, bares e casas de espet\u00e1culos.&nbsp;<\/p>\n\n\n\n<p>&#8211; Todos os eventos e estabelecimentos comerciais precisam estar de acordo com o decreto estadual, respeitando regras de seguran\u00e7a como distanciamento social, uso de m\u00e1scara facial e disponibiliza\u00e7\u00e3o de \u00e1lcool 70 ou em gel para o p\u00fablico. \u00c9 preciso seguir essas regras de ouro. Vamos refor\u00e7ar a fiscaliza\u00e7\u00e3o nesses locais para que o novo coronav\u00edrus n\u00e3o avance &#8211; afirmou o governador.&nbsp;<\/p>\n\n\n\n<p>Segundo o comandante-geral do Corpo de Bombeiros e secret\u00e1rio de Defesa Civil, coronel Leandro Monteiro, os estabelecimentos que n\u00e3o estiverem cumprindo a lota\u00e7\u00e3o de p\u00fablico de acordo com o decreto estadual 4.7345, de 5 de novembro de 2020, ser\u00e3o interditados e ter\u00e3o suas licen\u00e7as cassadas.&nbsp;Al\u00e9m disso, todas as solicita\u00e7\u00f5es para a realiza\u00e7\u00e3o de eventos abertos ir\u00e3o passar por rigorosa avalia\u00e7\u00e3o dos Bombeiros.<\/p>\n\n\n\n<p>&#8211; Os pedidos precisam ser digitalizados e remetidos integralmente via SEI (Sistema Eletr\u00f4nico de Informa\u00e7\u00e3o) para que possamos avaliar cada caso levando em conta a situa\u00e7\u00e3o de cada munic\u00edpio &#8211; explicou o secret\u00e1rio.<\/p>\n","protected":false},"excerpt":{"rendered":"<p>Eventos abertos ao p\u00fablico tamb\u00e9m ter\u00e3o que ser autorizados pela corpora\u00e7\u00e3o O governador em exerc\u00edcio<\/p>\n","protected":false},"author":2,"featured_media":6604,"comment_status":"open","ping_status":"open","sticky":false,"template":"","format":"standard","meta":{"footnotes":""},"categories":[17],"tags":[],"class_list":["post-6603","post","type-post","status-publish","format-standard","has-post-thumbnail","hentry","category-outras-noticias"],"_links":{"self":[{"href":"https:\/\/tvc16.com\/portal\/wp-json\/wp\/v2\/posts\/6603","targetHints":{"allow":["GET"]}}],"collection":[{"href":"https:\/\/tvc16.com\/portal\/wp-json\/wp\/v2\/posts"}],"about":[{"href":"https:\/\/tvc16.com\/portal\/wp-json\/wp\/v2\/types\/post"}],"author":[{"embeddable":true,"href":"https:\/\/tvc16.com\/portal\/wp-json\/wp\/v2\/users\/2"}],"replies":[{"embeddable":true,"href":"https:\/\/tvc16.com\/portal\/wp-json\/wp\/v2\/comments?post=6603"}],"version-history":[{"count":1,"href":"https:\/\/tvc16.com\/portal\/wp-json\/wp\/v2\/posts\/6603\/revisions"}],"predecessor-version":[{"id":6605,"href":"https:\/\/tvc16.com\/portal\/wp-json\/wp\/v2\/posts\/6603\/revisions\/6605"}],"wp:featuredmedia":[{"embeddable":true,"href":"https:\/\/tvc16.com\/portal\/wp-json\/wp\/v2\/media\/6604"}],"wp:attachment":[{"href":"https:\/\/tvc16.com\/portal\/wp-json\/wp\/v2\/media?parent=6603"}],"wp:term":[{"taxonomy":"category","embeddable":true,"href":"https:\/\/tvc16.com\/portal\/wp-json\/wp\/v2\/categories?post=6603"},{"taxonomy":"post_tag","embeddable":true,"href":"https:\/\/tvc16.com\/portal\/wp-json\/wp\/v2\/tags?post=6603"}],"curies":[{"name":"wp","href":"https:\/\/api.w.org\/{rel}","templated":true}]}}