{"id":6609,"date":"2020-11-25T18:02:39","date_gmt":"2020-11-25T21:02:39","guid":{"rendered":"https:\/\/tvc16.com\/portal\/?p=6609"},"modified":"2020-11-25T18:02:42","modified_gmt":"2020-11-25T21:02:42","slug":"tcu-promove-forum-para-debater-inovacoes-na-educacao-publica","status":"publish","type":"post","link":"https:\/\/tvc16.com\/portal\/2020\/11\/25\/tcu-promove-forum-para-debater-inovacoes-na-educacao-publica\/","title":{"rendered":"TCU promove f\u00f3rum para debater inova\u00e7\u00f5es na educa\u00e7\u00e3o p\u00fablica"},"content":{"rendered":"\n<p>O evento virtual est\u00e1 marcado para os dias 3 e 4 de dezembro. As inscri\u00e7\u00f5es est\u00e3o abertas<\/p>\n\n\n\n<p>A &nbsp;4\u00aa edi\u00e7\u00e3o do <a href=\"http:\/\/portal.tcu.gov.br\/eventos\/lista-de-eventos\/4-forum-nacional-de-controle-inovacao-pela-educacao-no-brasil.htm\">F\u00f3rum Nacional de Controle,<\/a> promovido pelo Tribunal de Contas da Uni\u00e3o (TCU) ser\u00e1 nos dias 3 e 4 e dezembro. Com o tema \u201cInova\u00e7\u00e3o em prol da Educa\u00e7\u00e3o no Brasil\u201d, o evento virtual contar\u00e1 com pain\u00e9is que t\u00eam como objetivo integrar as institui\u00e7\u00f5es de controle, de \u00f3rg\u00e3os de todas as esferas administrativas e da sociedade civil em busca de solu\u00e7\u00f5es inovadoras e na dissemina\u00e7\u00e3o de boas pr\u00e1ticas para a administra\u00e7\u00e3o p\u00fablica. As inscri\u00e7\u00f5es est\u00e3o &nbsp;abertas e para participar basta acessar o portal do tribunal<\/p>\n\n\n\n<p>Os gestores ir\u00e3o debater os desafios, as perspectivas, as possibilidades de infraestrutura &nbsp;e acesso de tecnolog\u00edas de informa\u00e7\u00e3o e comunica\u00e7\u00e3o social no processo educacional, al\u00e9m do aproveitamento de talentos para melhoria da competitividade.<\/p>\n\n\n\n<p>Ainda ir\u00e3o fazer parte do encontro on-line discuss\u00f5es referentes \u00e0 integra\u00e7\u00e3o dos \u00f3rg\u00e3os de controle com foco no Projeto Integrar e a busca da competitividade por meio da integra\u00e7\u00e3o entre universidades e empresas. O F\u00f3rum Nacional de Controle \u00e9 um evento gratuito e aberto a todo o p\u00fablico. A transmiss\u00e3o ser\u00e1 feita pelo canal do TCU no YouTube.<\/p>\n\n\n\n<p>Fonte: <a href=\"https:\/\/brasil61.com\/noticias\/tcu-promove-forum-para-debater-inovacoes-na-educacao-publica-bras202761?email=bethdeoliveira@yahoo.com.br&amp;utm_source=newsletter&amp;utm_medium=newsletter&amp;utm_campaign=newsletter\" target=\"_blank\" rel=\"noreferrer noopener\">Brasil 61<\/a><\/p>\n","protected":false},"excerpt":{"rendered":"<p>O evento virtual est\u00e1 marcado para os dias 3 e 4 de dezembro. As inscri\u00e7\u00f5es<\/p>\n","protected":false},"author":2,"featured_media":6610,"comment_status":"open","ping_status":"open","sticky":false,"template":"","format":"standard","meta":{"footnotes":""},"categories":[19],"tags":[],"class_list":["post-6609","post","type-post","status-publish","format-standard","has-post-thumbnail","hentry","category-educacao"],"_links":{"self":[{"href":"https:\/\/tvc16.com\/portal\/wp-json\/wp\/v2\/posts\/6609","targetHints":{"allow":["GET"]}}],"collection":[{"href":"https:\/\/tvc16.com\/portal\/wp-json\/wp\/v2\/posts"}],"about":[{"href":"https:\/\/tvc16.com\/portal\/wp-json\/wp\/v2\/types\/post"}],"author":[{"embeddable":true,"href":"https:\/\/tvc16.com\/portal\/wp-json\/wp\/v2\/users\/2"}],"replies":[{"embeddable":true,"href":"https:\/\/tvc16.com\/portal\/wp-json\/wp\/v2\/comments?post=6609"}],"version-history":[{"count":1,"href":"https:\/\/tvc16.com\/portal\/wp-json\/wp\/v2\/posts\/6609\/revisions"}],"predecessor-version":[{"id":6611,"href":"https:\/\/tvc16.com\/portal\/wp-json\/wp\/v2\/posts\/6609\/revisions\/6611"}],"wp:featuredmedia":[{"embeddable":true,"href":"https:\/\/tvc16.com\/portal\/wp-json\/wp\/v2\/media\/6610"}],"wp:attachment":[{"href":"https:\/\/tvc16.com\/portal\/wp-json\/wp\/v2\/media?parent=6609"}],"wp:term":[{"taxonomy":"category","embeddable":true,"href":"https:\/\/tvc16.com\/portal\/wp-json\/wp\/v2\/categories?post=6609"},{"taxonomy":"post_tag","embeddable":true,"href":"https:\/\/tvc16.com\/portal\/wp-json\/wp\/v2\/tags?post=6609"}],"curies":[{"name":"wp","href":"https:\/\/api.w.org\/{rel}","templated":true}]}}