{"id":6612,"date":"2020-11-25T18:04:43","date_gmt":"2020-11-25T21:04:43","guid":{"rendered":"https:\/\/tvc16.com\/portal\/?p=6612"},"modified":"2020-11-25T18:04:49","modified_gmt":"2020-11-25T21:04:49","slug":"senac-rj-e-o-sesc-rj-oferecem-oficinas-durante-a-rio-artes-manuais-online-2020","status":"publish","type":"post","link":"https:\/\/tvc16.com\/portal\/2020\/11\/25\/senac-rj-e-o-sesc-rj-oferecem-oficinas-durante-a-rio-artes-manuais-online-2020\/","title":{"rendered":"Senac RJ e o Sesc RJ oferecem oficinas durante a Rio Artes Manuais Online 2020"},"content":{"rendered":"\n<p><em>A principal feira de capacita\u00e7\u00e3o e neg\u00f3cios do setor de artesanato do Rio de Janeiro ser\u00e1 realizada, pela primeira vez em formato virtual, entre os dias 2 e 6 de dezembro<\/em><\/p>\n\n\n\n<p>O&nbsp;<strong>Senac RJ e o Sesc RJ&nbsp;<\/strong>v\u00e3o oferecer diversas oficinas e aulas demonstrativas durante a&nbsp;<strong>Rio Artes Manuais Online 2020<\/strong>. Esta ser\u00e1 a 14\u00aa edi\u00e7\u00e3o da principal feira de capacita\u00e7\u00e3o e neg\u00f3cios do setor de artesanato do Rio de Janeiro, que seria realizada em mar\u00e7o e que foi adiada devido \u00e0 pandemia. Ainda por quest\u00f5es de preven\u00e7\u00e3o ao Covid 19, pela primeira vez, seu formato ser\u00e1 totalmente virtual, entre os&nbsp;<strong>dias 2 e 6 de dezembro<\/strong>.<\/p>\n\n\n\n<p>Com o tema&nbsp;<strong>\u201cArtesanato em Casa &#8211; Natal dos Sonhos\u201d<\/strong>, a Rio Artes Manuais vai utilizar o site&nbsp;<strong>rioartesmanuais.com.br\/online&nbsp;<\/strong>para a exibi\u00e7\u00e3o de oficinas t\u00e9cnicas, aulas demonstrativas de artesanato e palestras com foco no empreendedorismo, e as redes sociais do evento como YouTube e Facebook para a abertura e encerramento ao vivo todos os dias.<\/p>\n\n\n\n<p>Para participar, os interessados dever\u00e3o acessar a mesma plataforma&nbsp;e adquirir voucher, por dia de evento, nos valores de R$ 7,99 ou R$ 14,99, que inclui um kit de produtos da Ca\u00e7ula.<\/p>\n\n\n\n<p><strong>Oficinas Senac RJ<\/strong><\/p>\n\n\n\n<p>O Senac RJ ir\u00e1 oferecer oficinas de<strong>&nbsp;Customiza\u00e7\u00e3o de bolsas&nbsp;<\/strong>e de<strong>&nbsp;Acess\u00f3rios em macram\u00ea.&nbsp;<\/strong>A primeira, ser\u00e1 realizada<strong>&nbsp;dia 2\/12, \u00e0s 15h,<\/strong>&nbsp;e ir\u00e1 ensinar t\u00e9cnicas b\u00e1sicas de bordado, recortes com tesoura, costuras simples, aplica\u00e7\u00f5es com ferro, com uso da criatividade e discuss\u00f5es sobre reuso, ressignifica\u00e7\u00e3o de pe\u00e7as e consumo consciente, sob as orienta\u00e7\u00f5es da instrutora&nbsp;<strong>Debora Nardello.<\/strong><\/p>\n\n\n\n<p>J\u00e1 a segunda, de Acess\u00f3rios em Macram\u00ea,que ser\u00e1 oferecida no&nbsp;<strong>dia 3\/12, \u00e0s 15h,<\/strong>&nbsp;a instrutora&nbsp;<strong>Danielle Costa<\/strong>&nbsp;ir\u00e1 ensinar t\u00e9cnicas artesanais para confec\u00e7\u00e3o de acess\u00f3rios de moda como pulseiras, colares, chaveiros, estimulando a cria\u00e7\u00e3o de identidade pr\u00f3pria e autoral. Ao longo de 1 hora, os participantes ser\u00e3o capazes de criar e montar pe\u00e7as utilizando fios de malha, tecidos, com aplica\u00e7\u00e3o de t\u00e9cnicas de macram\u00ea, tran\u00e7ado, amarra\u00e7\u00f5es e montagem.<\/p>\n\n\n\n<p>Aos alunos que quiserem aprofundar seus conhecimentos por hobby ou profissionalmente, o Senac RJ j\u00e1 retoma aulas presenciais em algumas unidades do Rio e oferece&nbsp;<strong>cursos nas \u00e1reas de Cria\u00e7\u00e3o de Moda e Joias<\/strong>,&nbsp;<strong>Costura e Modelagem<\/strong>. Informa\u00e7\u00f5es completas est\u00e3o dispon\u00edveis no site&nbsp;<a rel=\"noreferrer noopener\" target=\"_blank\" href=\"http:\/\/www.rj.senac.br\/\"><strong>www.rj.senac.br<\/strong><\/a>.<\/p>\n\n\n\n<p><strong>Aulas Demonstrativas Sesc RJ<\/strong><\/p>\n\n\n\n<p>Al\u00e9m de aulas demonstrativas natalinas de 15 minutos com temas como&nbsp;<strong>Decora\u00e7\u00e3o de interiores \u2013 Origami estrela floco de neve,<\/strong>&nbsp;<strong>Porta Panetone<\/strong>&nbsp;e&nbsp;de&nbsp;<strong>Natal com seguran\u00e7a: Porta \u00e1lcool em gel de chaveiro,&nbsp;<\/strong>o Sesc RJparticipar\u00e1 de uma mesa redonda proposta pelo Sintecidos sobre&nbsp;<strong>A import\u00e2ncia da associa\u00e7\u00e3o para alavancar neg\u00f3cios.&nbsp;<\/strong>O debate&nbsp;ter\u00e1 a abertura de&nbsp;<strong>Nazra Sim\u00e3o<\/strong>, presidente do Sintecidos RJ e diretora da Fecom\u00e9rcio RJ, com presen\u00e7a de&nbsp;<strong>William Nacif Junior<\/strong>, engenheiro fundador da Garam Consultoria, consultor e instrutor do Sebrae Rio;<strong>&nbsp;Denise Faertes<\/strong>, designer fundadora da marca Fruto do Conde;&nbsp;<strong>Jacqueline Lippi,&nbsp;<\/strong>ex-ju\u00edza do TRT e atual consultora da Presid\u00eancia da Fecom\u00e9rcio RJ para Negocia\u00e7\u00e3o Coletiva e Direito Coletivo Preventivo; e,&nbsp;<strong>Paulo Damasceno<\/strong>, gerente do Programa Assist\u00eancia Sesc RJ. A media\u00e7\u00e3o ser\u00e1 realizada por&nbsp;<strong>Paula Franca<\/strong>, respons\u00e1vel por projetos&nbsp;de empreendedorismo e Economia Criativa do Sesc RJ. Hor\u00e1rios e datas da programa\u00e7\u00e3o sob consulta no portal do evento.<\/p>\n\n\n\n<p><strong><u>Servi\u00e7o<\/u>:<\/strong><\/p>\n\n\n\n<p><strong>Feira Rio Artes Manuais Online 2020<\/strong><\/p>\n\n\n\n<p><strong>Data:<\/strong>&nbsp;2 a 6 de dezembro<\/p>\n\n\n\n<p><strong>Hor\u00e1rio:<\/strong>&nbsp;das 10h \u00e0s 18h<\/p>\n\n\n\n<p><strong>Oficinas t\u00e9cnicas, aulas demonstrativas e palestras:<\/strong>&nbsp;a partir das 11h todos os dias<\/p>\n\n\n\n<p><strong>Atividades de enceramento com sorteios de brindes aos participantes:<\/strong>&nbsp;\u00e0s 17h todos os dias<\/p>\n\n\n\n<p><strong>Inscri\u00e7\u00f5es:<\/strong>&nbsp;rioartesmanuais.com.br\/online<\/p>\n\n\n\n<p><strong>Valores:<\/strong><\/p>\n\n\n\n<p>Voucher (por dia de evento): R$ 7,99<\/p>\n\n\n\n<p>Voucher (por dia de evento) + kit Ca\u00e7ula: R$ 14,99<\/p>\n\n\n\n<p>Entrega do kit: 5 dias antes do evento na loja da Ca\u00e7ula de S\u00e3o Crist\u00f3v\u00e3o &#8211;&nbsp;<strong>&nbsp;<\/strong>Rua Campo de S\u00e3o Crist\u00f3v\u00e3o ou recebimento em casa por uma taxa de R$ 10.<\/p>\n\n\n\n<p><strong><u>Programa\u00e7\u00e3o Senac RJ<\/u><\/strong><\/p>\n\n\n\n<p><strong>Quarta, dia 2, \u00e0s 15h&nbsp;<\/strong>\u2013 Oficina de Customiza\u00e7\u00e3o de Bolsas, com Debora Nardello<\/p>\n\n\n\n<p><strong>Quinta, dia 3, \u00e0s 15h<\/strong>&nbsp;\u2013 Oficina de Acess\u00f3rios em Macram\u00ea, com Danielle Costa<\/p>\n\n\n\n<p><strong><u>Programa\u00e7\u00e3o Sesc RJ&nbsp;&nbsp;<\/u><\/strong>&#8211;&nbsp;Hor\u00e1rios e datas sob consulta no portal do evento.<\/p>\n\n\n\n<p>Aula demonstrativa de Decora\u00e7\u00e3o de interiores \u2013 Origami estrela floco de neve<\/p>\n\n\n\n<p>Aula demonstrativa de Porta Panetone<\/p>\n\n\n\n<p>Aula demonstrativa de Natal com seguran\u00e7a: Porta \u00e1lcool em gel de chaveiro<\/p>\n\n\n\n<p>Mesa Redonda &#8211;&nbsp;<em>A import\u00e2ncia da associa\u00e7\u00e3o para alavancar neg\u00f3cios<\/em>, com Nazra Sim\u00e3o,&nbsp;William Nacif Junior, Denise Faertes, Jacqueline Lippi,&nbsp;Paulo Damasceno, com media\u00e7\u00e3o de Paula Franca.<\/p>\n","protected":false},"excerpt":{"rendered":"<p>A principal feira de capacita\u00e7\u00e3o e neg\u00f3cios do setor de artesanato do Rio de Janeiro<\/p>\n","protected":false},"author":2,"featured_media":6613,"comment_status":"open","ping_status":"open","sticky":false,"template":"","format":"standard","meta":{"footnotes":""},"categories":[19],"tags":[],"class_list":["post-6612","post","type-post","status-publish","format-standard","has-post-thumbnail","hentry","category-educacao"],"_links":{"self":[{"href":"https:\/\/tvc16.com\/portal\/wp-json\/wp\/v2\/posts\/6612","targetHints":{"allow":["GET"]}}],"collection":[{"href":"https:\/\/tvc16.com\/portal\/wp-json\/wp\/v2\/posts"}],"about":[{"href":"https:\/\/tvc16.com\/portal\/wp-json\/wp\/v2\/types\/post"}],"author":[{"embeddable":true,"href":"https:\/\/tvc16.com\/portal\/wp-json\/wp\/v2\/users\/2"}],"replies":[{"embeddable":true,"href":"https:\/\/tvc16.com\/portal\/wp-json\/wp\/v2\/comments?post=6612"}],"version-history":[{"count":1,"href":"https:\/\/tvc16.com\/portal\/wp-json\/wp\/v2\/posts\/6612\/revisions"}],"predecessor-version":[{"id":6614,"href":"https:\/\/tvc16.com\/portal\/wp-json\/wp\/v2\/posts\/6612\/revisions\/6614"}],"wp:featuredmedia":[{"embeddable":true,"href":"https:\/\/tvc16.com\/portal\/wp-json\/wp\/v2\/media\/6613"}],"wp:attachment":[{"href":"https:\/\/tvc16.com\/portal\/wp-json\/wp\/v2\/media?parent=6612"}],"wp:term":[{"taxonomy":"category","embeddable":true,"href":"https:\/\/tvc16.com\/portal\/wp-json\/wp\/v2\/categories?post=6612"},{"taxonomy":"post_tag","embeddable":true,"href":"https:\/\/tvc16.com\/portal\/wp-json\/wp\/v2\/tags?post=6612"}],"curies":[{"name":"wp","href":"https:\/\/api.w.org\/{rel}","templated":true}]}}