{"id":6621,"date":"2020-11-25T18:09:22","date_gmt":"2020-11-25T21:09:22","guid":{"rendered":"https:\/\/tvc16.com\/portal\/?p=6621"},"modified":"2020-11-25T18:09:24","modified_gmt":"2020-11-25T21:09:24","slug":"anatel-promove-acoes-relacionadas-ao-5g-antes-da-realizacao-do-leilao","status":"publish","type":"post","link":"https:\/\/tvc16.com\/portal\/2020\/11\/25\/anatel-promove-acoes-relacionadas-ao-5g-antes-da-realizacao-do-leilao\/","title":{"rendered":"Anatel promove a\u00e7\u00f5es relacionadas ao 5G antes da realiza\u00e7\u00e3o do leil\u00e3o"},"content":{"rendered":"\n<p>Neste m\u00eas, a ag\u00eancia reguladora publicou um memorando que determina que tr\u00eas operadoras disponibilizem aos seus clientes mapas de cobertura da tecnologia 5G<\/p>\n\n\n\n<p>Enquanto o leil\u00e3o da rede 5G n\u00e3o ocorre no Brasil, a Ag\u00eancia Nacional de Telecomunica\u00e7\u00f5es (Anatel) publicou neste m\u00eas dois documentos relacionados ao tema. Um desses documentos \u00e9 um memorando, assinado pelo superintendente de Controle de Obriga\u00e7\u00f5es da Anatel, Santana Borges, determinando que as operadoras Claro, Telef\u00f4nica (que det\u00e9m a Vivo) e Oi disponibilizem aos clientes os mapas de cobertura da tecnologia 5G.&nbsp;<\/p>\n\n\n\n<p>Vale lembrar que o servi\u00e7o \u00e9 oferecido no Pa\u00eds de forma limitada. As tr\u00eas empresas j\u00e1 promovem propagandas em que oferecem o servi\u00e7o antes mesmo do leil\u00e3o, que est\u00e1 previsto para ocorrer no primeiro semestre de 2021. O memorando da Anatel foi assinado em 16 de novembro. As operadoras t\u00eam 60 dias para publicar o mapa com informa\u00e7\u00f5es da tecnologia 5G.<\/p>\n\n\n\n<p><strong><a href=\"https:\/\/brasil61.com\/noticias\/5g-decreto-facilita-instalacao-de-infraestrutura-de-telefonia-e-internet-bras201713\" target=\"_blank\" rel=\"noreferrer noopener\">5G: decreto facilita instala\u00e7\u00e3o de infraestrutura de telefonia e internet<\/a><\/strong><\/p>\n\n\n\n<p><strong><a href=\"https:\/\/brasil61.com\/noticias\/leis-municipais-ainda-sao-entraves-para-projetos-de-infraestrutura-para-telecomunicacoes-afirma-presidente-da-abrintel-bras200998\" target=\"_blank\" rel=\"noreferrer noopener\">Leis municipais ainda s\u00e3o entraves para projetos de infraestrutura para Telecomunica\u00e7\u00f5es, afirma presidente da ABRINTEL<\/a><\/strong><\/p>\n\n\n\n<p>Em resumo, o que estar\u00e1 em jogo no leil\u00e3o ser\u00e1 a oferta de blocos de frequ\u00eancias para que as operadoras possam oferecer&nbsp;o servi\u00e7o. Rodrigo Porto, professor de Telecomunica\u00e7\u00f5es da Universidade Federal do Cear\u00e1 (UFC), explica que, enquanto o leil\u00e3o n\u00e3o ocorre, as empresas de telecomunica\u00e7\u00e3o est\u00e3o adaptando a infraestrutura j\u00e1 existente para a oferta do 5G.&nbsp;<\/p>\n\n\n\n<p>\u201cComo faixas [de frequ\u00eancia da tecnologia 5G] ainda n\u00e3o est\u00e3o dispon\u00edveis, as operadoras est\u00e3o lan\u00e7ando de forma ainda muito limitada em algumas cidades, a nova tecnologia com a reutiliza\u00e7\u00e3o de faixas de frequ\u00eancias do 2G, 3G e 4G\u201d, diz.&nbsp;<\/p>\n\n\n\n<p>Neste m\u00eas, em parceria com a Ag\u00eancia Brasileira de Desenvolvimento Industrial (ABDI), a Anatel publicou um Acordo de Coopera\u00e7\u00e3o T\u00e9cnica para a realiza\u00e7\u00e3o de testes do uso empresarial de redes privadas de tecnologia 5G. A parceria, segundo a Anatel, possibilitar\u00e1 a realiza\u00e7\u00e3o de projetos-pilotos e de estudos que possam subsidiar discuss\u00f5es sobre o tema.&nbsp;<\/p>\n\n\n\n<p>Marcela Carvalho, assessora da presid\u00eancia da ABDI, diz que o acordo de coopera\u00e7\u00e3o ser\u00e1 de extrema import\u00e2ncia para que empresas estejam mais preparadas para a chegada do 5G no Brasil. \u201cOs resultados ser\u00e3o encaminhados \u00e0 Anatel para auxili\u00e1-la no processo de regulamenta\u00e7\u00e3o do 5G e v\u00e3o beneficiar tamb\u00e9m o setor produtivo nacional, que ter\u00e1 acesso a informa\u00e7\u00f5es importantes, como custo benef\u00edcio e gastos com a implementa\u00e7\u00e3o dessa rede privativa.\u201d<\/p>\n\n\n\n<p>O 5G, ou quinta gera\u00e7\u00e3o da telefonia m\u00f3vel, permite uma maior velocidade de internet. Entre outras vantagens, a tecnologia possibilita um maior consumo de v\u00eddeos e m\u00fasicas em tempo real e uma maior transfer\u00eancia de arquivos. Especialistas em tecnologia afirmam que o 5G permitir\u00e1 o crescimento da chamada \u201cinternet das coisas\u201d, em que equipamentos, como televisores e at\u00e9 mesmo refrigeradores, possam ser controlados atrav\u00e9s de smartphones ou outros dispositivos.&nbsp;<\/p>\n\n\n\n<figure class=\"wp-block-image\"><img decoding=\"async\" src=\"\/\/s3-sa-east-1.amazonaws.com\/agencia-radio-arb\/3218\/content_diferen%C3%A7as-4g-5g.png\" alt=\"\"\/><\/figure>\n\n\n\n<p>Rodrigo Porto argumenta que o 5G \u00e9 \u201cuma pe\u00e7a chave para a automa\u00e7\u00e3o, a rob\u00f3tica, a utiliza\u00e7\u00e3o de carros aut\u00f4nomos e sistemas de transporte e seguran\u00e7a mais inteligentes\u201d. &nbsp;<\/p>\n\n\n\n<h2 class=\"wp-block-heading\">Legisla\u00e7\u00e3o<\/h2>\n\n\n\n<p>Algumas localidades do Pa\u00eds j\u00e1 possuem legisla\u00e7\u00e3o mais modernas que podem favorecer a implementa\u00e7\u00e3o do 5G. \u00c9 o caso do Distrito Federal, onde em julho deste ano foi aprovada a lei das antenas, que traz novos par\u00e2metros sobre a instala\u00e7\u00e3o desses equipamentos. A principal mudan\u00e7a trazida pela lei \u00e9 a permiss\u00e3o de instala\u00e7\u00e3o de antenas em lotes particulares. At\u00e9 ent\u00e3o, os equipamentos poderiam ser colocados apenas em \u00e1reas p\u00fablicas.&nbsp;<\/p>\n\n\n\n<p>Em 2019, a Prefeitura de Porto Alegre regulamentou uma lei municipal sobre a instala\u00e7\u00e3o de antenas. A legisla\u00e7\u00e3o estabelece regras sobre a instala\u00e7\u00e3o desses equipamentos e as contrapartidas que as operadoras dever\u00e3o realizar quando utilizarem espa\u00e7os p\u00fablicos para instal\u00e1-los. Segundo o Sindicato Nacional de Empresas de Telefonia e de Servi\u00e7o M\u00f3vel Celular e Pessoal (SindiTelebrasil), a lei pode proporcionar a instala\u00e7\u00e3o de pelos menos 150 novas antenas na capital ga\u00facha. &nbsp;<\/p>\n\n\n\n<p>A Anatel afirma que n\u00e3o possui nenhum levantamento sobre localidades que j\u00e1 recebem o servi\u00e7o 5G.&nbsp;<\/p>\n\n\n\n<p>Fonte: <a href=\"https:\/\/brasil61.com\/noticias\/anatel-promove-acoes-relacionadas-ao-5g-antes-da-realizacao-do-leilao-bras202744?email=bethdeoliveira@yahoo.com.br&amp;utm_source=newsletter&amp;utm_medium=newsletter&amp;utm_campaign=newsletter\" target=\"_blank\" rel=\"noreferrer noopener\">Brasil 61<\/a><\/p>\n","protected":false},"excerpt":{"rendered":"<p>Neste m\u00eas, a ag\u00eancia reguladora publicou um memorando que determina que tr\u00eas operadoras disponibilizem aos<\/p>\n","protected":false},"author":2,"featured_media":6622,"comment_status":"open","ping_status":"open","sticky":false,"template":"","format":"standard","meta":{"footnotes":""},"categories":[14],"tags":[],"class_list":["post-6621","post","type-post","status-publish","format-standard","has-post-thumbnail","hentry","category-pais"],"_links":{"self":[{"href":"https:\/\/tvc16.com\/portal\/wp-json\/wp\/v2\/posts\/6621","targetHints":{"allow":["GET"]}}],"collection":[{"href":"https:\/\/tvc16.com\/portal\/wp-json\/wp\/v2\/posts"}],"about":[{"href":"https:\/\/tvc16.com\/portal\/wp-json\/wp\/v2\/types\/post"}],"author":[{"embeddable":true,"href":"https:\/\/tvc16.com\/portal\/wp-json\/wp\/v2\/users\/2"}],"replies":[{"embeddable":true,"href":"https:\/\/tvc16.com\/portal\/wp-json\/wp\/v2\/comments?post=6621"}],"version-history":[{"count":1,"href":"https:\/\/tvc16.com\/portal\/wp-json\/wp\/v2\/posts\/6621\/revisions"}],"predecessor-version":[{"id":6623,"href":"https:\/\/tvc16.com\/portal\/wp-json\/wp\/v2\/posts\/6621\/revisions\/6623"}],"wp:featuredmedia":[{"embeddable":true,"href":"https:\/\/tvc16.com\/portal\/wp-json\/wp\/v2\/media\/6622"}],"wp:attachment":[{"href":"https:\/\/tvc16.com\/portal\/wp-json\/wp\/v2\/media?parent=6621"}],"wp:term":[{"taxonomy":"category","embeddable":true,"href":"https:\/\/tvc16.com\/portal\/wp-json\/wp\/v2\/categories?post=6621"},{"taxonomy":"post_tag","embeddable":true,"href":"https:\/\/tvc16.com\/portal\/wp-json\/wp\/v2\/tags?post=6621"}],"curies":[{"name":"wp","href":"https:\/\/api.w.org\/{rel}","templated":true}]}}