{"id":6634,"date":"2020-11-25T23:12:48","date_gmt":"2020-11-26T02:12:48","guid":{"rendered":"https:\/\/tvc16.com\/portal\/?p=6634"},"modified":"2020-11-25T23:12:50","modified_gmt":"2020-11-26T02:12:50","slug":"covid-19-venezuela-tem-mais-de-100-mil-casos-da-doenca","status":"publish","type":"post","link":"https:\/\/tvc16.com\/portal\/2020\/11\/25\/covid-19-venezuela-tem-mais-de-100-mil-casos-da-doenca\/","title":{"rendered":"Covid-19: Venezuela tem mais de 100 mil casos da doen\u00e7a"},"content":{"rendered":"\n<h3 class=\"wp-block-heading\">Caracas registrou maior n\u00famero de infectados<\/h3>\n\n\n\n<p>A Venezuela atingiu, nessa ter\u00e7a-feira (24), 100.143 casos confirmados de covid-19, desde o in\u00edcio da quarentena no dia&nbsp;13 de mar\u00e7o.&nbsp;Nas \u00faltimas 24 horas foram registrados mais 308 casos.<img decoding=\"async\" src=\"https:\/\/agenciabrasil.ebc.com.br\/ebc.png?id=1394446&amp;o=node\"><img decoding=\"async\" src=\"https:\/\/agenciabrasil.ebc.com.br\/ebc.gif?id=1394446&amp;o=node\"><\/p>\n\n\n\n<p>Segundo o ministro venezuelano de Comunica\u00e7\u00e3o e Informa\u00e7\u00e3o, Freddy \u00d1\u00e1\u00f1ez, h\u00e1 873 mortes associadas ao novo coronav\u00edrus e 94.985 pessoas se recuperaram da doen\u00e7a.<\/p>\n\n\n\n<p>Pelo Twitter, o ministro informou&nbsp;que est\u00e3o ativos 4.285 casos, dos quais 2.897 de pacientes&nbsp;se encontram em hospitais, 1.362 em centros de Diagn\u00f3stico Integral e 26 em cl\u00ednicas privadas.<\/p>\n\n\n\n<p>Com 21.007 casos confirmados, a capital Caracas&nbsp;\u00e9 a regi\u00e3o com maior n\u00famero de casos, seguindo-se os estados de Miranda (12.553), Z\u00falia (8.829), T\u00e1chira (7.972), Apure (5.534), La Guaira (4.979), Yaracuy (4.522), Ar\u00e1gua (4.292), Nova Esparta (3.922), Carabobo (3.621), Bol\u00edvar (3.594) e Lara (3.291).<\/p>\n\n\n\n<p>Seguem-se M\u00e9rida (2.953), Sucre (2.125), Barinas (1.793), Anzo\u00e1tegui (1.749), Mon\u00e1gas (1.231), Trujillo (1.215), Falc\u00f3n (1.039), Portuguesa (966), Cojedes (776), Amazonas (743), Gu\u00e1rico (721) e Delta Amacuro (689).<\/p>\n\n\n\n<p>Segundo os dados oficiais, o arquip\u00e9lago de Los Roques teve at\u00e9 agora quatro&nbsp;casos do novo&nbsp;coronav\u00edrus.<\/p>\n\n\n\n<h2 class=\"wp-block-heading\">Quarentena radical<\/h2>\n\n\n\n<p>A Venezuela iniciou segunda-feira (23) uma semana de &#8220;quarentena radical&#8221;, para que a partir de 1\u00ba de dezembro haja um per\u00edodo de um m\u00eas de flexibiliza\u00e7\u00e3o generalizada em todo o pa\u00eds, devido \u00e0s festas de fim de ano.<\/p>\n\n\n\n<p>O pa\u00eds est\u00e1, desde 13 de mar\u00e7o, em estado de alerta, o que permite ao Executivo tomar&nbsp;&#8220;decis\u00f5es dr\u00e1sticas&#8221; para combater a pandemia.<\/p>\n\n\n\n<p>No dia 11 de novembro, foram autorizadas as opera\u00e7\u00f5es comerciais com&nbsp;o M\u00e9xico, a Rep\u00fablica Dominicana, o Ir\u00e3, a Turquia e o Panam\u00e1.<\/p>\n\n\n\n<p>No dia 23 deste m\u00eas,\u00a0as autoridades venezuelanas anunciaram a abertura do espa\u00e7o a\u00e9reo para voos comerciais para a R\u00fassia e a Bol\u00edvia, suspensos desde mar\u00e7o de 2020, devido \u00e0 pandemia.<\/p>\n\n\n\n<p>Por RTP &#8211; Caracas<\/p>\n","protected":false},"excerpt":{"rendered":"<p>Caracas registrou maior n\u00famero de infectados A Venezuela atingiu, nessa ter\u00e7a-feira (24), 100.143 casos confirmados<\/p>\n","protected":false},"author":2,"featured_media":6635,"comment_status":"open","ping_status":"open","sticky":false,"template":"","format":"standard","meta":{"footnotes":""},"categories":[22],"tags":[],"class_list":["post-6634","post","type-post","status-publish","format-standard","has-post-thumbnail","hentry","category-internacional"],"_links":{"self":[{"href":"https:\/\/tvc16.com\/portal\/wp-json\/wp\/v2\/posts\/6634","targetHints":{"allow":["GET"]}}],"collection":[{"href":"https:\/\/tvc16.com\/portal\/wp-json\/wp\/v2\/posts"}],"about":[{"href":"https:\/\/tvc16.com\/portal\/wp-json\/wp\/v2\/types\/post"}],"author":[{"embeddable":true,"href":"https:\/\/tvc16.com\/portal\/wp-json\/wp\/v2\/users\/2"}],"replies":[{"embeddable":true,"href":"https:\/\/tvc16.com\/portal\/wp-json\/wp\/v2\/comments?post=6634"}],"version-history":[{"count":1,"href":"https:\/\/tvc16.com\/portal\/wp-json\/wp\/v2\/posts\/6634\/revisions"}],"predecessor-version":[{"id":6636,"href":"https:\/\/tvc16.com\/portal\/wp-json\/wp\/v2\/posts\/6634\/revisions\/6636"}],"wp:featuredmedia":[{"embeddable":true,"href":"https:\/\/tvc16.com\/portal\/wp-json\/wp\/v2\/media\/6635"}],"wp:attachment":[{"href":"https:\/\/tvc16.com\/portal\/wp-json\/wp\/v2\/media?parent=6634"}],"wp:term":[{"taxonomy":"category","embeddable":true,"href":"https:\/\/tvc16.com\/portal\/wp-json\/wp\/v2\/categories?post=6634"},{"taxonomy":"post_tag","embeddable":true,"href":"https:\/\/tvc16.com\/portal\/wp-json\/wp\/v2\/tags?post=6634"}],"curies":[{"name":"wp","href":"https:\/\/api.w.org\/{rel}","templated":true}]}}