{"id":6637,"date":"2020-11-25T23:15:42","date_gmt":"2020-11-26T02:15:42","guid":{"rendered":"https:\/\/tvc16.com\/portal\/?p=6637"},"modified":"2020-11-25T23:15:44","modified_gmt":"2020-11-26T02:15:44","slug":"alemanha-tem-recorde-de-casos-de-covid-19-com-410-mortes-em-24-horas","status":"publish","type":"post","link":"https:\/\/tvc16.com\/portal\/2020\/11\/25\/alemanha-tem-recorde-de-casos-de-covid-19-com-410-mortes-em-24-horas\/","title":{"rendered":"Alemanha tem recorde de casos de covid-19 com 410 mortes em 24 horas"},"content":{"rendered":"\n<h3 class=\"wp-block-heading\">Angela Merkel se re\u00fane com l\u00edderes regionais para discutir restri\u00e7\u00f5es<\/h3>\n\n\n\n<h4 class=\"wp-block-heading\"> Por RTP &#8211; Berlim<\/h4>\n\n\n\n<p>A Alemanha registou hoje (25) novo recorde de mortes por&nbsp;covid-19, com 410 \u00f3bitos em 24 horas, e espera-se que haja uma extens\u00e3o das medidas restritivas atuais sobre a vida p\u00fablica e econ\u00f4mica do pa\u00eds.<img decoding=\"async\" src=\"https:\/\/agenciabrasil.ebc.com.br\/ebc.png?id=1394451&amp;o=node\"><img decoding=\"async\" src=\"https:\/\/agenciabrasil.ebc.com.br\/ebc.gif?id=1394451&amp;o=node\"><\/p>\n\n\n\n<p>O n\u00famero de novas infec\u00e7\u00f5es em 24 horas foi de 18.633, segundo dados do Instituto Robert Koch (RKI).<\/p>\n\n\n\n<p>Esse&nbsp;n\u00famero representa mais de mil casos em rela\u00e7\u00e3o ao&nbsp;registados na quarta-feira da semana anterior, embora esteja abaixo do m\u00e1ximo absoluto de infec\u00e7\u00f5es di\u00e1rias (23.648 casos na sexta-feira passada).<\/p>\n\n\n\n<p>Mais alarmante \u00e9 o aumento de mortes &#8211; 410&nbsp;em 24 horas &#8211; bem acima do recorde di\u00e1rio anterior (315) registrado em meados de abril.<\/p>\n\n\n\n<p>O n\u00famero total de infe\u00e7\u00f5es verificadas pelo RKI desde o in\u00edcio da pandemia sobe, assim, para 961.320 &#8211; dos quais se estima que 656.400 pacientes estejam recuperados -, enquanto o n\u00famero de \u00f3bitos sobe para 14.771.<\/p>\n\n\n\n<p>A chanceler alem\u00e3, Angela Merkel, ter\u00e1 hoje nova reuni\u00e3o com l\u00edderes regionais.<\/p>\n\n\n\n<p>Na semana passada houve uma reuni\u00e3o entre os l\u00edderes dos estados federados alem\u00e3es, mas n\u00e3o foi alcan\u00e7ado um consenso para endurecer as medidas em vigor desde 2 de novembro &#8211; como pretendia Merkel &#8211; e apenas foi avaliado o n\u00famero de infec\u00e7\u00f5es naquele momento.<\/p>\n\n\n\n<p>Os governos regionais acordaram, em v\u00e1rias rondas de negocia\u00e7\u00f5es ao n\u00edvel dos dirigentes dos L\u00e4nder &#8211; Estados Federados -, no in\u00edcio desta semana, estender as medidas em vigor at\u00e9 20 de dezembro ou mesmo endurecer algumas delas, para aliviar um pouco durante as festividades de Natal e Ano Novo.<\/p>\n\n\n\n<p>Desde 2 de novembro, as casas noturnas, a restaura\u00e7\u00e3o, eventos culturais e desportivos est\u00e3o&nbsp;fechados, mas a atividade escolar e a vida comercial permanecem em funcionamento, embora com lota\u00e7\u00e3o limitada.<\/p>\n\n\n\n<p>Os cidad\u00e3os foram aconselhados&nbsp;a evitar todas as viagens n\u00e3o essenciais, tanto dentro do pa\u00eds quanto no estrangeiro.<\/p>\n\n\n\n<p>A expectativa \u00e9 que o governo federal concorde com os &#8220;L\u00e4nder&#8221; sobre a prorroga\u00e7\u00e3o das medidas de restri\u00e7\u00e3o e at\u00e9 que endure\u00e7a algumas delas, mas tamb\u00e9m que seja aprovada uma prorroga\u00e7\u00e3o da ajuda econ\u00f4mica liberada no in\u00edcio do m\u00eas para compensar os setores afetados pelos fechamentos.<\/p>\n\n\n\n<p>Essas indemniza\u00e7\u00f5es &#8211; de at\u00e9 75% das perdas calculadas em rela\u00e7\u00e3o \u00e0 receita de um ano atr\u00e1s &#8211; podem atingir entre 15 milh\u00f5es&nbsp;e 20&nbsp;milh\u00f5es de euros, divulgou&nbsp;nessa&nbsp;ter\u00e7a-feira a imprensa alem\u00e3.<\/p>\n\n\n\n<p>Tanto o governo da chanceler Angela Merkel quanto os governos regionais t\u00eam sido alertados&nbsp;de que a evolu\u00e7\u00e3o das infec\u00e7\u00f5es n\u00e3o permite, hoje, amenizar as restri\u00e7\u00f5es.<\/p>\n\n\n\n<p>Entre as novas medidas que devem ser discutidas na reuni\u00e3o de Merkel est\u00e1 a manuten\u00e7\u00e3o do fechamento&nbsp;das casas noturnas, restaura\u00e7\u00e3o e vida cultural, entre outras, pelo menos at\u00e9 20 de dezembro.<\/p>\n\n\n\n<p>Prev\u00ea-se tamb\u00e9m que o in\u00edcio das f\u00e9rias escolares do&nbsp;Natal seja antecipado, e a recomenda\u00e7\u00e3o aos cidad\u00e3os \u00e9 que se submetam voluntariamente a alguns dias de quarentena ou redu\u00e7\u00e3o dos contatos sociais antes das festas.<\/p>\n\n\n\n<p>Est\u00e1 sendo estudada uma f\u00f3rmula mista de atividade escolar, entre presencial e pela internet, de modo que os alunos sejam distribu\u00eddos em pequenos grupos fixos que alternam a frequ\u00eancia escolar com os deveres em casa.<\/p>\n\n\n\n<p>Para a semana do Natal, e at\u00e9 o final do ano, ser\u00e3o permitidos encontros com at\u00e9 dez pessoas &#8211; ou seis, segundo crit\u00e9rios de alguns &#8220;L\u00e4nder&#8221; mais restritivos. Da mesma forma, ser\u00e1 recomendada &#8211; embora n\u00e3o seja proibido &#8212; a aus\u00eancia de fogos de artif\u00edcio em festas privadas, principalmente na passagem de ano.<\/p>\n","protected":false},"excerpt":{"rendered":"<p>Angela Merkel se re\u00fane com l\u00edderes regionais para discutir restri\u00e7\u00f5es Por RTP &#8211; Berlim A<\/p>\n","protected":false},"author":2,"featured_media":6638,"comment_status":"open","ping_status":"open","sticky":false,"template":"","format":"standard","meta":{"footnotes":""},"categories":[22],"tags":[],"class_list":["post-6637","post","type-post","status-publish","format-standard","has-post-thumbnail","hentry","category-internacional"],"_links":{"self":[{"href":"https:\/\/tvc16.com\/portal\/wp-json\/wp\/v2\/posts\/6637","targetHints":{"allow":["GET"]}}],"collection":[{"href":"https:\/\/tvc16.com\/portal\/wp-json\/wp\/v2\/posts"}],"about":[{"href":"https:\/\/tvc16.com\/portal\/wp-json\/wp\/v2\/types\/post"}],"author":[{"embeddable":true,"href":"https:\/\/tvc16.com\/portal\/wp-json\/wp\/v2\/users\/2"}],"replies":[{"embeddable":true,"href":"https:\/\/tvc16.com\/portal\/wp-json\/wp\/v2\/comments?post=6637"}],"version-history":[{"count":1,"href":"https:\/\/tvc16.com\/portal\/wp-json\/wp\/v2\/posts\/6637\/revisions"}],"predecessor-version":[{"id":6639,"href":"https:\/\/tvc16.com\/portal\/wp-json\/wp\/v2\/posts\/6637\/revisions\/6639"}],"wp:featuredmedia":[{"embeddable":true,"href":"https:\/\/tvc16.com\/portal\/wp-json\/wp\/v2\/media\/6638"}],"wp:attachment":[{"href":"https:\/\/tvc16.com\/portal\/wp-json\/wp\/v2\/media?parent=6637"}],"wp:term":[{"taxonomy":"category","embeddable":true,"href":"https:\/\/tvc16.com\/portal\/wp-json\/wp\/v2\/categories?post=6637"},{"taxonomy":"post_tag","embeddable":true,"href":"https:\/\/tvc16.com\/portal\/wp-json\/wp\/v2\/tags?post=6637"}],"curies":[{"name":"wp","href":"https:\/\/api.w.org\/{rel}","templated":true}]}}