{"id":6640,"date":"2020-11-25T23:19:53","date_gmt":"2020-11-26T02:19:53","guid":{"rendered":"https:\/\/tvc16.com\/portal\/?p=6640"},"modified":"2020-11-25T23:20:00","modified_gmt":"2020-11-26T02:20:00","slug":"voos-para-cidades-do-litoral-do-estado-reforcam-retomada-do-turismo","status":"publish","type":"post","link":"https:\/\/tvc16.com\/portal\/2020\/11\/25\/voos-para-cidades-do-litoral-do-estado-reforcam-retomada-do-turismo\/","title":{"rendered":"Voos para cidades do litoral do estado refor\u00e7am retomada do turismo"},"content":{"rendered":"\n<p><em>Azul Linhas A\u00e9reas vai operar para Angra dos Reis, Paraty, B\u00fazios e Cabo Frio durante temporada de ver\u00e3o<\/em><\/p>\n\n\n\n<p><br>A retomada do turismo do Estado do Rio receber\u00e1 um refor\u00e7o. A Azul Linhas A\u00e9reas passar\u00e1 a operar com voos comerciais regulares para Angra dos Reis, Paraty e B\u00fazios, saindo de S\u00e3o Paulo, Minas Gerais e do aeroporto Santos Dumont, no Rio de Janeiro. A companhia tamb\u00e9m aumentar\u00e1 a oferta de voos para Cabo Frio. O an\u00fancio foi oficializado nesta quarta-feira (25\/11), no Pal\u00e1cio Guanabara, em encontro de diretores da empresa com o governador em exerc\u00edcio Cl\u00e1udio Castro e prefeitos dos quatro munic\u00edpios da Costa do Sol e da Costa Verde.<\/p>\n\n\n\n<p>A iniciativa faz parte da campanha Ver\u00e3o Azul Conecta. Entre 14 de dezembro e 31 de janeiro de 2021, a companhia ter\u00e1 voos decolando de Congonhas para Angra e Paraty; do Santos Dumont para Angra e B\u00fazios; e de Belo Horizonte para B\u00fazios.&nbsp; Essas cidades s\u00e3o os principais destinos procurados pelos turistas durante o ver\u00e3o no estado fora da capital. As passagens para todos os voos da alta esta\u00e7\u00e3o j\u00e1 est\u00e3o \u00e0 venda. Com capacidade para nove passageiros, as aeronaves v\u00e3o realizar 38 voos di\u00e1rios.<\/p>\n\n\n\n<p>&#8211; O aumento do n\u00famero de voos para as regi\u00f5es litor\u00e2neas durante o ver\u00e3o ser\u00e1 muito importante n\u00e3o s\u00f3 para o turismo, mas tamb\u00e9m para o desenvolvimento do nosso estado, gerando mais empregos. Agrade\u00e7o \u00e0 companhia Azul por acreditar no Rio de Janeiro, e \u00e9 fundamental que tenhamos uma retomada segura e consciente \u2013 afirmou o governador em exerc\u00edcio Cl\u00e1udio Castro.<\/p>\n\n\n\n<p>O turismo foi um dos setores mais impactados pela pandemia da Covid-19 e, desde mar\u00e7o, o Governo do Estado trabalha para estruturar a retomada das atividades, seguindo todos os protocolos das autoridades sanit\u00e1rias. A secret\u00e1ria de estado de Turismo, Adriana Homem de Carvalho, ressalta que essa parceria ser\u00e1 importante na recupera\u00e7\u00e3o da economia do turismo nas regi\u00f5es da Costa do Sol e Costa Verde.<\/p>\n\n\n\n<p>&#8211; Esse projeto \u00e9 de extrema import\u00e2ncia para incentivar os turistas a buscarem destinos em cidades do Rio que n\u00e3o tinham essa conectividade. Os munic\u00edpios de Angra dos Reis, Paraty, B\u00fazios e Cabo Frio s\u00e3o muito procurados nas f\u00e9rias de ver\u00e3o por causa das bel\u00edssimas praias e de todos os atrativos que oferecem. A possibilidade de acessar essas cidades por transporte a\u00e9reo vai otimizar o tempo de deslocamento e, com certeza, incentivar a escolha desses destinos, assim como regi\u00f5es pr\u00f3ximas \u2013 destacou a secret\u00e1ria. &nbsp;<\/p>\n\n\n\n<p>O secret\u00e1rio de estado de Transportes, Delmo Pinho, lembrou que o turismo fomenta o desenvolvimento regional e acrescentou que h\u00e1 planos para ampliar voos a outras regi\u00f5es do estado.<\/p>\n\n\n\n<p>&#8211; A avia\u00e7\u00e3o no turismo \u00e9 um fator de desenvolvimento. Estamos falando de um transporte seguro e mais r\u00e1pido. A avia\u00e7\u00e3o impacta diretamente no turismo, promovendo empregabilidade, melhores taxas de ocupa\u00e7\u00e3o hoteleira, movimenta restaurantes, t\u00e1xis. Vamos trabalhar fortemente para equipar melhor os aeroportos do estado, em parceria com o governo federal, e vamos desenvolver meios de atender outros destinos, como Resende, que \u00e9 um local tur\u00edstico e industrial \u2013 afirmou.<\/p>\n\n\n\n<p>O diretor de rela\u00e7\u00f5es institucionais da Azul, Marcelo Bento, contou que atender regi\u00f5es litor\u00e2neas do Rio j\u00e1 estava nos planos da empresa.<\/p>\n\n\n\n<p>&#8211; O Rio de Janeiro \u00e9 um mercado muito importante para a Azul. Temos grande volume de opera\u00e7\u00f5es aqui, principalmente no Santos Dumont. Este ano foi poss\u00edvel realizar projetos que estavam na prateleira h\u00e1 muito tempo, como atender Angra, Paraty e B\u00fazios. Agora temos condi\u00e7\u00f5es de operar avi\u00f5es capazes de acessar esses tr\u00eas aeroportos. Cabo Frio j\u00e1 fazia parte da nossa rota, mas a novidade s\u00e3o os voos de jato de grande porte, com 118 assentos, vindos de Congonhas &#8211; ressaltou.&nbsp;<\/p>\n","protected":false},"excerpt":{"rendered":"<p>Azul Linhas A\u00e9reas vai operar para Angra dos Reis, Paraty, B\u00fazios e Cabo Frio durante<\/p>\n","protected":false},"author":2,"featured_media":6641,"comment_status":"open","ping_status":"open","sticky":false,"template":"","format":"standard","meta":{"footnotes":""},"categories":[17],"tags":[],"class_list":["post-6640","post","type-post","status-publish","format-standard","has-post-thumbnail","hentry","category-outras-noticias"],"_links":{"self":[{"href":"https:\/\/tvc16.com\/portal\/wp-json\/wp\/v2\/posts\/6640","targetHints":{"allow":["GET"]}}],"collection":[{"href":"https:\/\/tvc16.com\/portal\/wp-json\/wp\/v2\/posts"}],"about":[{"href":"https:\/\/tvc16.com\/portal\/wp-json\/wp\/v2\/types\/post"}],"author":[{"embeddable":true,"href":"https:\/\/tvc16.com\/portal\/wp-json\/wp\/v2\/users\/2"}],"replies":[{"embeddable":true,"href":"https:\/\/tvc16.com\/portal\/wp-json\/wp\/v2\/comments?post=6640"}],"version-history":[{"count":1,"href":"https:\/\/tvc16.com\/portal\/wp-json\/wp\/v2\/posts\/6640\/revisions"}],"predecessor-version":[{"id":6642,"href":"https:\/\/tvc16.com\/portal\/wp-json\/wp\/v2\/posts\/6640\/revisions\/6642"}],"wp:featuredmedia":[{"embeddable":true,"href":"https:\/\/tvc16.com\/portal\/wp-json\/wp\/v2\/media\/6641"}],"wp:attachment":[{"href":"https:\/\/tvc16.com\/portal\/wp-json\/wp\/v2\/media?parent=6640"}],"wp:term":[{"taxonomy":"category","embeddable":true,"href":"https:\/\/tvc16.com\/portal\/wp-json\/wp\/v2\/categories?post=6640"},{"taxonomy":"post_tag","embeddable":true,"href":"https:\/\/tvc16.com\/portal\/wp-json\/wp\/v2\/tags?post=6640"}],"curies":[{"name":"wp","href":"https:\/\/api.w.org\/{rel}","templated":true}]}}