{"id":6643,"date":"2020-11-26T10:35:28","date_gmt":"2020-11-26T13:35:28","guid":{"rendered":"https:\/\/tvc16.com\/portal\/?p=6643"},"modified":"2020-11-26T10:35:31","modified_gmt":"2020-11-26T13:35:31","slug":"carro-cai-dentro-do-rio-mas-ocupantes-nao-sofrem-ferimentos","status":"publish","type":"post","link":"https:\/\/tvc16.com\/portal\/2020\/11\/26\/carro-cai-dentro-do-rio-mas-ocupantes-nao-sofrem-ferimentos\/","title":{"rendered":"Carro cai dentro do rio, mas ocupantes n\u00e3o sofrem ferimentos"},"content":{"rendered":"\n<p>Na manh\u00e3 desta quinta-feira (26) um carro caiu dentro do rio, pr\u00f3ximo a Pra\u00e7a da Liberdade, no Centro da Cidade. De acordo com o Corpo de Bombeiros estavam no ve\u00edculo uma mulher de 46 anos, e um homem de 44 anos. Ambos recusaram ser transportados para uma unidade de sa\u00fade.<\/p>\n\n\n\n<figure class=\"wp-block-image size-large\"><img loading=\"lazy\" decoding=\"async\" width=\"1024\" height=\"576\" src=\"https:\/\/tvc16.com\/portal\/wp-content\/uploads\/2020\/11\/WhatsApp-Image-2020-11-26-at-10.03.40-1024x576.jpeg\" alt=\"\" class=\"wp-image-6645\" srcset=\"https:\/\/tvc16.com\/portal\/wp-content\/uploads\/2020\/11\/WhatsApp-Image-2020-11-26-at-10.03.40-1024x576.jpeg 1024w, https:\/\/tvc16.com\/portal\/wp-content\/uploads\/2020\/11\/WhatsApp-Image-2020-11-26-at-10.03.40-300x169.jpeg 300w, https:\/\/tvc16.com\/portal\/wp-content\/uploads\/2020\/11\/WhatsApp-Image-2020-11-26-at-10.03.40-768x432.jpeg 768w, https:\/\/tvc16.com\/portal\/wp-content\/uploads\/2020\/11\/WhatsApp-Image-2020-11-26-at-10.03.40.jpeg 1280w\" sizes=\"auto, (max-width: 1024px) 100vw, 1024px\" \/><\/figure>\n\n\n\n<p>Foto: rede social<\/p>\n","protected":false},"excerpt":{"rendered":"<p>Na manh\u00e3 desta quinta-feira (26) um carro caiu dentro do rio, pr\u00f3ximo a Pra\u00e7a da<\/p>\n","protected":false},"author":2,"featured_media":6644,"comment_status":"open","ping_status":"open","sticky":false,"template":"","format":"standard","meta":{"footnotes":""},"categories":[12],"tags":[],"class_list":["post-6643","post","type-post","status-publish","format-standard","has-post-thumbnail","hentry","category-cidade"],"_links":{"self":[{"href":"https:\/\/tvc16.com\/portal\/wp-json\/wp\/v2\/posts\/6643","targetHints":{"allow":["GET"]}}],"collection":[{"href":"https:\/\/tvc16.com\/portal\/wp-json\/wp\/v2\/posts"}],"about":[{"href":"https:\/\/tvc16.com\/portal\/wp-json\/wp\/v2\/types\/post"}],"author":[{"embeddable":true,"href":"https:\/\/tvc16.com\/portal\/wp-json\/wp\/v2\/users\/2"}],"replies":[{"embeddable":true,"href":"https:\/\/tvc16.com\/portal\/wp-json\/wp\/v2\/comments?post=6643"}],"version-history":[{"count":1,"href":"https:\/\/tvc16.com\/portal\/wp-json\/wp\/v2\/posts\/6643\/revisions"}],"predecessor-version":[{"id":6646,"href":"https:\/\/tvc16.com\/portal\/wp-json\/wp\/v2\/posts\/6643\/revisions\/6646"}],"wp:featuredmedia":[{"embeddable":true,"href":"https:\/\/tvc16.com\/portal\/wp-json\/wp\/v2\/media\/6644"}],"wp:attachment":[{"href":"https:\/\/tvc16.com\/portal\/wp-json\/wp\/v2\/media?parent=6643"}],"wp:term":[{"taxonomy":"category","embeddable":true,"href":"https:\/\/tvc16.com\/portal\/wp-json\/wp\/v2\/categories?post=6643"},{"taxonomy":"post_tag","embeddable":true,"href":"https:\/\/tvc16.com\/portal\/wp-json\/wp\/v2\/tags?post=6643"}],"curies":[{"name":"wp","href":"https:\/\/api.w.org\/{rel}","templated":true}]}}