{"id":6656,"date":"2020-11-26T11:19:46","date_gmt":"2020-11-26T14:19:46","guid":{"rendered":"https:\/\/tvc16.com\/portal\/?p=6656"},"modified":"2020-11-26T11:19:49","modified_gmt":"2020-11-26T14:19:49","slug":"corpo-de-maradona-e-velado-no-palacio-presidencial-da-argentina","status":"publish","type":"post","link":"https:\/\/tvc16.com\/portal\/2020\/11\/26\/corpo-de-maradona-e-velado-no-palacio-presidencial-da-argentina\/","title":{"rendered":"Corpo de Maradona \u00e9 velado no pal\u00e1cio presidencial da Argentina"},"content":{"rendered":"\n<p>Vel\u00f3rio p\u00fablico ocorrer\u00e1 at\u00e9 as 19h<\/p>\n\n\n\n<h4 class=\"wp-block-heading\">Por Ag\u00eancia Brasil* &#8211; Buenos Aires<\/h4>\n\n\n\n<p>As cerim\u00f4nias f\u00fanebres do \u00eddolo do futebol, Diego Maradona, que morreu nessa quarta-feira (25) aos 60 anos, come\u00e7am&nbsp;hoje no pal\u00e1cio presidencial da Argentina.<img decoding=\"async\" src=\"https:\/\/agenciabrasil.ebc.com.br\/ebc.png?id=1394555&amp;o=node\"><img decoding=\"async\" src=\"https:\/\/agenciabrasil.ebc.com.br\/ebc.gif?id=1394555&amp;o=node\"><\/p>\n\n\n\n<p>Em declara\u00e7\u00f5es \u00e0 imprensa internacional, o porta-voz da Presid\u00eancia, Mario Huck, disse&nbsp;que as cerim\u00f4nias ser\u00e3o realizadas na Casa Rosada at\u00e9 s\u00e1bado (28).<\/p>\n\n\n\n<p>O corpo de Maradona chegou de&nbsp;madrugada \u00e0 sede do governo, em Buenos Aires. Centenas de pessoas aguardavam&nbsp;em fila para se despedir&nbsp;do campe\u00e3o mundial de 1986, no vel\u00f3rio que ocorrer\u00e1 entre as 9h&nbsp;e as 19h.&nbsp;<\/p>\n\n\n\n<p>A ex-mulher do \u00eddolo Claudia Villafa\u00f1e e as duas filhas, Dalma e Gianinna, j\u00e1 se deslocaram para a&nbsp;Casa Rosada. Tamb\u00e9m est\u00e3o l\u00e1 o presidente da Associa\u00e7\u00e3o de Futebol Argentino (AFA), Claudio Tapia,&nbsp;v\u00e1rios jogadores e ex-atletas, incluindo os companheiros de equipe&nbsp;de Maradona no Campeonato Mundial de 1986, que a Argentina ganhou no M\u00e9xico.<\/p>\n\n\n\n<h2 class=\"wp-block-heading\">Morte de causas naturais<\/h2>\n\n\n\n<p>O procurador-geral de San Isidro, prov\u00edncia de Buenos Aires, John Broyad, disse&nbsp;que&nbsp;a morte de Maradona&nbsp;\u201cs\u00f3 teve causas naturais\u201d e que em seu corpo \u201cn\u00e3o foram encontrados sinais de crime ou viol\u00eancia\u201d, mas que ser\u00e1 feita uma aut\u00f3psia.<\/p>\n\n\n\n<p>&#8220;Infelizmente, com uma dor tremenda, podemos confirmar a morte aproximadamente \u00e0s 12h&#8221;, afirmou&nbsp;Broyad em entrevista.<\/p>\n\n\n\n<p>\u201cA aut\u00f3psia ser\u00e1 feita com o objetivo de especificar o motivo da morte. A morte s\u00f3 tem caracter\u00edsticas naturais. N\u00e3o h\u00e1 ind\u00edcios de viol\u00eancia&#8221;, acrescentou.<\/p>\n\n\n\n<p>O procurador-geral disse ainda que os elementos \u201cmais qualificados\u201d da pol\u00edcia cient\u00edfica da regi\u00e3o estiveram na casa em que&nbsp;Maradona morreu.<\/p>\n\n\n\n<p><em>*Com informa\u00e7\u00f5es da RTP<\/em><\/p>\n","protected":false},"excerpt":{"rendered":"<p>Vel\u00f3rio p\u00fablico ocorrer\u00e1 at\u00e9 as 19h Por Ag\u00eancia Brasil* &#8211; Buenos Aires As cerim\u00f4nias f\u00fanebres<\/p>\n","protected":false},"author":2,"featured_media":6657,"comment_status":"open","ping_status":"open","sticky":false,"template":"","format":"standard","meta":{"footnotes":""},"categories":[22],"tags":[],"class_list":["post-6656","post","type-post","status-publish","format-standard","has-post-thumbnail","hentry","category-internacional"],"_links":{"self":[{"href":"https:\/\/tvc16.com\/portal\/wp-json\/wp\/v2\/posts\/6656","targetHints":{"allow":["GET"]}}],"collection":[{"href":"https:\/\/tvc16.com\/portal\/wp-json\/wp\/v2\/posts"}],"about":[{"href":"https:\/\/tvc16.com\/portal\/wp-json\/wp\/v2\/types\/post"}],"author":[{"embeddable":true,"href":"https:\/\/tvc16.com\/portal\/wp-json\/wp\/v2\/users\/2"}],"replies":[{"embeddable":true,"href":"https:\/\/tvc16.com\/portal\/wp-json\/wp\/v2\/comments?post=6656"}],"version-history":[{"count":1,"href":"https:\/\/tvc16.com\/portal\/wp-json\/wp\/v2\/posts\/6656\/revisions"}],"predecessor-version":[{"id":6658,"href":"https:\/\/tvc16.com\/portal\/wp-json\/wp\/v2\/posts\/6656\/revisions\/6658"}],"wp:featuredmedia":[{"embeddable":true,"href":"https:\/\/tvc16.com\/portal\/wp-json\/wp\/v2\/media\/6657"}],"wp:attachment":[{"href":"https:\/\/tvc16.com\/portal\/wp-json\/wp\/v2\/media?parent=6656"}],"wp:term":[{"taxonomy":"category","embeddable":true,"href":"https:\/\/tvc16.com\/portal\/wp-json\/wp\/v2\/categories?post=6656"},{"taxonomy":"post_tag","embeddable":true,"href":"https:\/\/tvc16.com\/portal\/wp-json\/wp\/v2\/tags?post=6656"}],"curies":[{"name":"wp","href":"https:\/\/api.w.org\/{rel}","templated":true}]}}