{"id":666,"date":"2020-09-17T18:04:29","date_gmt":"2020-09-17T18:04:29","guid":{"rendered":"https:\/\/tvc16.com\/portal\/?p=666"},"modified":"2020-09-17T18:12:48","modified_gmt":"2020-09-17T18:12:48","slug":"governo-zera-imposto-de-importacao-de-vacinas-contra-covid-19","status":"publish","type":"post","link":"https:\/\/tvc16.com\/portal\/2020\/09\/17\/governo-zera-imposto-de-importacao-de-vacinas-contra-covid-19\/","title":{"rendered":"Governo zera imposto de importa\u00e7\u00e3o de vacinas contra covid-19"},"content":{"rendered":"\n<p>Objetivo \u00e9 facilitar o combate \u00e0 pandemia do novo coronav\u00edrus<\/p>\n\n\n\n<p>O Comit\u00ea Executivo de Gest\u00e3o da C\u00e2mara de Com\u00e9rcio Exterior, ligada ao Minist\u00e9rio da Economia, publicou hoje (17) no&nbsp;<em>Di\u00e1rio Oficial da Uni\u00e3o<\/em>&nbsp;<a href=\"https:\/\/www.in.gov.br\/en\/web\/dou\/-\/resolucao-n-90-de-16-de-setembro-de-2020-277907352\" target=\"_blank\" rel=\"noreferrer noopener\">resolu\u00e7\u00e3o<\/a>&nbsp;que concede redu\u00e7\u00e3o tempor\u00e1ria para zero da al\u00edquota do imposto de importa\u00e7\u00e3o de vacinas contra a covid-19 e outros produtos relacionados ao combate ao novo coronav\u00edrus. De acordo com a resolu\u00e7\u00e3o, o objetivo \u00e9 \u201cfacilitar o combate \u00e0 pandemia\u201d de covid-19.<img decoding=\"async\" src=\"https:\/\/agenciabrasil.ebc.com.br\/ebc.png?id=1388187&amp;o=node\"><img decoding=\"async\" src=\"https:\/\/agenciabrasil.ebc.com.br\/ebc.gif?id=1388187&amp;o=node\"><\/p>\n\n\n\n<p>Em mar\u00e7o de 2020, uma resolu\u00e7\u00e3o isentou produtos relacionados ao combate \u00e0 covid-19 at\u00e9 30 de setembro.<\/p>\n\n\n\n<p>Uma&nbsp;<a href=\"http:\/\/www.in.gov.br\/en\/web\/dou\/-\/resolucao-n-89-de-16-de-setembro-de-2020-277907291\" target=\"_blank\" rel=\"noreferrer noopener\">nova resolu\u00e7\u00e3o<\/a>&nbsp;publicada hoje prorroga a isen\u00e7\u00e3o at\u00e9 o dia 30 de outubro de 2020. Assim, o novo prazo de isen\u00e7\u00e3o tamb\u00e9m vale para os produtos inclu\u00eddos na lista hoje.<\/p>\n\n\n\n<h2 class=\"wp-block-heading\">Produtos<\/h2>\n\n\n\n<p>Os produtos inclu\u00eddos na lista s\u00e3o:<\/p>\n\n\n\n<p>&#8211; agente hemost\u00e1tico em gel, composto de gelatina e trombina<\/p>\n\n\n\n<p>&#8211; vacina contra covid-19, n\u00e3o apresentadas em doses, nem acondicionadas para venda a retalho<\/p>\n\n\n\n<p>&#8211; vacina contra covid-19, apresentadas em doses ou acondicionadas para venda a retalho<\/p>\n\n\n\n<p>&#8211; emuls\u00e3o de alimenta\u00e7\u00e3o parenteral, apresentada em bolsa com 3 compartimentos, contendo cada um: emuls\u00e3o lip\u00eddica, solu\u00e7\u00e3o de amino\u00e1cidos com eletr\u00f3litos e solu\u00e7\u00e3o de glicose com c\u00e1lcio<\/p>\n\n\n\n<p>&#8211; polivitam\u00ednico contendo \u00e1cido asc\u00f3rbico, \u00e1cido f\u00f3lico, DL-alfatocoferol, biotina, cianocobalamina, cloridrato de piridoxina, cocarboxilase, colecalciferol, dexpantenol, nicotinamida, palmitato de retinol, fosfato s\u00f3dico de riboflavina, em p\u00f3 liofilizado<\/p>\n\n\n\n<p>&#8211; solu\u00e7\u00e3o glico-fisiol\u00f3gica em sistema fechado, contendo cloreto de s\u00f3dio, com concentra\u00e7\u00e3o de 0,9%, e glicose, com concentra\u00e7\u00e3o de 5% em peso, apresentada em bolsas de PVC<\/p>\n\n\n\n<p>&#8211; solu\u00e7\u00e3o de eletr\u00f3litos com pH 7,4, contendo acetato de s\u00f3dio triidratado, cloreto de magn\u00e9sio, cloreto de pot\u00e1ssio, cloreto de s\u00f3dio e gliconato de s\u00f3dio, em sistema fechado, apresentada em bolsas de PVC<\/p>\n\n\n\n<p>&#8211; solu\u00e7\u00e3o apresentada em uma bolsa de PVC, em sistema fechado, contendo cloreto de s\u00f3dio e de citrato de s\u00f3dio diidratado<\/p>\n\n\n\n<p>&#8211; solu\u00e7\u00e3o apresentada em uma bolsa de PVC, em sistema fechado, contendo bicarbonato de s\u00f3dio, cloreto de magn\u00e9sio hexaidratado, cloreto de pot\u00e1ssio, cloreto de s\u00f3dio e fosfato de s\u00f3dio dib\u00e1sico diidratado, em sistema fechado, apresentada em bolsas de PVC<\/p>\n\n\n\n<p>&#8211; solu\u00e7\u00e3o apresentada em uma bolsa de PVC, em sistema fechado, com dois compartimentos, um contendo: cloreto de c\u00e1lcio diidratado e cloreto de magn\u00e9sio hexaidratado, e outro contendo bicarbonato de s\u00f3dio, cloreto de magn\u00e9sio hexaidratado, cloreto de pot\u00e1ssio, cloreto de s\u00f3dio e fosfato diss\u00f3dico diidratado<\/p>\n\n\n\n<p>&#8211; solu\u00e7\u00e3o apresentada em uma bolsa de PVC, em sistema fechado, contendo cloreto de c\u00e1lcio diidratado, cloreto de magn\u00e9sio hexaidratado, cloreto de s\u00f3dio, glicose monoidratada e lactato de s\u00f3dio; hemost\u00e1tico cir\u00fargico \u00e0 base de col\u00e1geno reabsorv\u00edvel, revestido de NHS-PEG (pentaeritritol polietileno glicol \u00e9ter tetrasuccinimidil glutarato)<\/p>\n\n\n\n<p>Kelly Oliveira \u2013 Rep\u00f3rter da Ag\u00eancia Brasil &#8211; Bras\u00edlia<\/p>\n\n\n\n<p>Edi\u00e7\u00e3o: Maria Claudia<\/p>\n","protected":false},"excerpt":{"rendered":"<p>Objetivo \u00e9 facilitar o combate \u00e0 pandemia do novo coronav\u00edrus O Comit\u00ea Executivo de Gest\u00e3o<\/p>\n","protected":false},"author":2,"featured_media":667,"comment_status":"open","ping_status":"open","sticky":false,"template":"","format":"standard","meta":{"footnotes":""},"categories":[13],"tags":[],"class_list":["post-666","post","type-post","status-publish","format-standard","has-post-thumbnail","hentry","category-saude"],"_links":{"self":[{"href":"https:\/\/tvc16.com\/portal\/wp-json\/wp\/v2\/posts\/666","targetHints":{"allow":["GET"]}}],"collection":[{"href":"https:\/\/tvc16.com\/portal\/wp-json\/wp\/v2\/posts"}],"about":[{"href":"https:\/\/tvc16.com\/portal\/wp-json\/wp\/v2\/types\/post"}],"author":[{"embeddable":true,"href":"https:\/\/tvc16.com\/portal\/wp-json\/wp\/v2\/users\/2"}],"replies":[{"embeddable":true,"href":"https:\/\/tvc16.com\/portal\/wp-json\/wp\/v2\/comments?post=666"}],"version-history":[{"count":1,"href":"https:\/\/tvc16.com\/portal\/wp-json\/wp\/v2\/posts\/666\/revisions"}],"predecessor-version":[{"id":668,"href":"https:\/\/tvc16.com\/portal\/wp-json\/wp\/v2\/posts\/666\/revisions\/668"}],"wp:featuredmedia":[{"embeddable":true,"href":"https:\/\/tvc16.com\/portal\/wp-json\/wp\/v2\/media\/667"}],"wp:attachment":[{"href":"https:\/\/tvc16.com\/portal\/wp-json\/wp\/v2\/media?parent=666"}],"wp:term":[{"taxonomy":"category","embeddable":true,"href":"https:\/\/tvc16.com\/portal\/wp-json\/wp\/v2\/categories?post=666"},{"taxonomy":"post_tag","embeddable":true,"href":"https:\/\/tvc16.com\/portal\/wp-json\/wp\/v2\/tags?post=666"}],"curies":[{"name":"wp","href":"https:\/\/api.w.org\/{rel}","templated":true}]}}