{"id":6665,"date":"2020-11-26T11:33:03","date_gmt":"2020-11-26T14:33:03","guid":{"rendered":"https:\/\/tvc16.com\/portal\/?p=6665"},"modified":"2020-11-26T11:33:07","modified_gmt":"2020-11-26T14:33:07","slug":"expectativa-de-vida-no-brasil-sobe-para-766-anos-em-2019","status":"publish","type":"post","link":"https:\/\/tvc16.com\/portal\/2020\/11\/26\/expectativa-de-vida-no-brasil-sobe-para-766-anos-em-2019\/","title":{"rendered":"Expectativa de vida no Brasil sobe para 76,6 anos em 2019"},"content":{"rendered":"\n<p>Informa\u00e7\u00e3o foi publicada hoje no Di\u00e1rio Oficial<\/p>\n\n\n\n<h4 class=\"wp-block-heading\">Por Vitor Abdala &#8211; Rep\u00f3rter da Ag\u00eancia Brasil &#8211; Rio de Janeiro<\/h4>\n\n\n\n<p>A expectativa de vida ao nascer no Brasil em 2019 era de 76,6 anos, segundo dados da T\u00e1bua da Mortalidade, divulgados&nbsp;hoje&nbsp;(26) pelo Instituto Brasileiro de Geografia e Estat\u00edstica (IBGE). A estimativa \u00e9 0,3 ano superior \u00e0 de 2018, divulgada na pesquisa do ano passado (76,3 anos).<img decoding=\"async\" src=\"https:\/\/agenciabrasil.ebc.com.br\/ebc.png?id=1394551&amp;o=node\"><img decoding=\"async\" src=\"https:\/\/agenciabrasil.ebc.com.br\/ebc.gif?id=1394551&amp;o=node\"><\/p>\n\n\n\n<p>A T\u00e1bua da Mortalidade \u00e9 divulgada anualmente pelo IBGE e usa como refer\u00eancia dados de 1\u00ba&nbsp;de julho do ano anterior.<\/p>\n\n\n\n<p>O dado, que \u00e9 uma m\u00e9dia da expectativa de vida dos dois sexos, foi publicado na edi\u00e7\u00e3o de&nbsp;hoje&nbsp;(26) do&nbsp;<em>Di\u00e1rio Oficial da Uni\u00e3o<\/em>. A divis\u00e3o do dado, por sexo, ser\u00e1 feita \u00e0s 10h pelo IBGE.<\/p>\n\n\n\n<p>Edi\u00e7\u00e3o: Gra\u00e7a Adjuto<\/p>\n","protected":false},"excerpt":{"rendered":"<p>Informa\u00e7\u00e3o foi publicada hoje no Di\u00e1rio Oficial Por Vitor Abdala &#8211; Rep\u00f3rter da Ag\u00eancia Brasil<\/p>\n","protected":false},"author":2,"featured_media":6666,"comment_status":"open","ping_status":"open","sticky":false,"template":"","format":"standard","meta":{"footnotes":""},"categories":[14],"tags":[],"class_list":["post-6665","post","type-post","status-publish","format-standard","has-post-thumbnail","hentry","category-pais"],"_links":{"self":[{"href":"https:\/\/tvc16.com\/portal\/wp-json\/wp\/v2\/posts\/6665","targetHints":{"allow":["GET"]}}],"collection":[{"href":"https:\/\/tvc16.com\/portal\/wp-json\/wp\/v2\/posts"}],"about":[{"href":"https:\/\/tvc16.com\/portal\/wp-json\/wp\/v2\/types\/post"}],"author":[{"embeddable":true,"href":"https:\/\/tvc16.com\/portal\/wp-json\/wp\/v2\/users\/2"}],"replies":[{"embeddable":true,"href":"https:\/\/tvc16.com\/portal\/wp-json\/wp\/v2\/comments?post=6665"}],"version-history":[{"count":1,"href":"https:\/\/tvc16.com\/portal\/wp-json\/wp\/v2\/posts\/6665\/revisions"}],"predecessor-version":[{"id":6667,"href":"https:\/\/tvc16.com\/portal\/wp-json\/wp\/v2\/posts\/6665\/revisions\/6667"}],"wp:featuredmedia":[{"embeddable":true,"href":"https:\/\/tvc16.com\/portal\/wp-json\/wp\/v2\/media\/6666"}],"wp:attachment":[{"href":"https:\/\/tvc16.com\/portal\/wp-json\/wp\/v2\/media?parent=6665"}],"wp:term":[{"taxonomy":"category","embeddable":true,"href":"https:\/\/tvc16.com\/portal\/wp-json\/wp\/v2\/categories?post=6665"},{"taxonomy":"post_tag","embeddable":true,"href":"https:\/\/tvc16.com\/portal\/wp-json\/wp\/v2\/tags?post=6665"}],"curies":[{"name":"wp","href":"https:\/\/api.w.org\/{rel}","templated":true}]}}